{"id":2991,"date":"2013-02-22T19:58:22","date_gmt":"2013-02-23T01:58:22","guid":{"rendered":"http:\/\/amanecerhuasteco.com\/portal\/2013\/02\/22\/artesanos-en-movimiento-presentes-en-la-plaza-este-sabado\/"},"modified":"2013-02-22T19:58:22","modified_gmt":"2013-02-23T01:58:22","slug":"artesanos-en-movimiento-presentes-en-la-plaza-este-sabado","status":"publish","type":"post","link":"https:\/\/amanecerhuasteco.com\/portal\/artesanos-en-movimiento-presentes-en-la-plaza-este-sabado\/","title":{"rendered":"ARTESANOS EN MOVIMIENTO PRESENTES EN LA PLAZA  ESTE SABADO"},"content":{"rendered":"<div align=\"justify\"><\/div>\n<div align=\"justify\"><strong>-En la clausura de la semana cultural de la FENAHUAP<br \/><\/strong>Ciudad Valles S.L.P. 22\/2\/13.-El Gobierno Municipal de Ciudad Valles, a trav\u00e9s de la Direcci\u00f3n de Empleo y Desarrollo Empresarial, a cargo de la Lic. Ninfa Victoria Ramos Rodr\u00edguez, dio a conocer que el grupo de \u201cArtesanos en Movimiento\u201d se instalar\u00e1 la tarde este s\u00e1bado 23 de febrero en la plaza principal de la localidad, con motivo de la clausura de la Semana Cultural de la FENAHUAP.<\/p>\n<p>Ramos Rodr\u00edguez inform\u00f3 que se instalar\u00e1n de 10 de la ma\u00f1ana a 6 de la tarde y en ese marco se exhibir\u00e1n y podr\u00e1n a la venta\u00a0 productos elaborados manualmente, entre los que se encuentran tejidos, bordados, productos artesanales,\u00a0 comestibles,\u00a0 artesan\u00edas en palma, bordado t\u00e9nek, accesorios elaborados a base de semillas, caf\u00e9 y piedras, art\u00edculos elaborados con pasta artesanal, nieves artesanales, miel 100% natural, jugo de ca\u00f1a elaborado a la vista del p\u00fablico, zacahuil, piloncillo granulado, piloncillo industrial, dulces de calabaza, tepache, invitaciones y dem\u00e1s art\u00edculos para eventos 100% artesanales.<br \/>Resalt\u00f3 que para las pr\u00f3ximas exposiciones de \u201cArtesanos en Movimiento\u201d se integrar\u00e1n\u00a0 los trabajos que elaboran los artesanos del Centro de Readaptaci\u00f3n Distrital de Tancanhuitz de Santos, mismos que ser\u00e1n tra\u00eddos a la localidad en base a un trabajo coordinado entre el CEREDI y la Direcci\u00f3n de Empleo y Desarrollo Empresarial.<br \/>Se\u00f1al\u00f3 que esta instalaci\u00f3n es extraordinaria por el evento de clausura de la pr\u00f3xima edici\u00f3n ferial, y el pr\u00f3ximo fin de semana retoman su actividad normal del domingo en la misma plaza principal.<\/div>\n<div align=\"justify\"><img decoding=\"async\" src=\"images\/stories\/feb13\/artesanos4.jpg\" border=\"0\" alt=\"ARTESANOS EN MOVIMIENTO PRESENTES EN LA PLAZA  ESTE SABADO\" title=\"ARTESANOS EN MOVIMIENTO PRESENTES EN LA PLAZA  ESTE SABADO\" \/> <\/div>\n","protected":false},"excerpt":{"rendered":"<p>-En la clausura de la semana cultural de la FENAHUAPCiudad Valles S.L.P. 22\/2\/13.-El Gobierno Municipal de Ciudad Valles, a trav\u00e9s de la Direcci\u00f3n de Empleo y Desarrollo Empresarial, a cargo de la Lic. Ninfa Victoria Ramos Rodr\u00edguez, dio a conocer que el grupo de \u201cArtesanos &hellip; <\/p>\n","protected":false},"author":1,"featured_media":2990,"comment_status":"open","ping_status":"open","sticky":false,"template":"","format":"standard","meta":{"footnotes":""},"categories":[7],"tags":[],"class_list":["post-2991","post","type-post","status-publish","format-standard","has-post-thumbnail","hentry","category-ciudad"],"_links":{"self":[{"href":"https:\/\/amanecerhuasteco.com\/portal\/wp-json\/wp\/v2\/posts\/2991","targetHints":{"allow":["GET"]}}],"collection":[{"href":"https:\/\/amanecerhuasteco.com\/portal\/wp-json\/wp\/v2\/posts"}],"about":[{"href":"https:\/\/amanecerhuasteco.com\/portal\/wp-json\/wp\/v2\/types\/post"}],"author":[{"embeddable":true,"href":"https:\/\/amanecerhuasteco.com\/portal\/wp-json\/wp\/v2\/users\/1"}],"replies":[{"embeddable":true,"href":"https:\/\/amanecerhuasteco.com\/portal\/wp-json\/wp\/v2\/comments?post=2991"}],"version-history":[{"count":0,"href":"https:\/\/amanecerhuasteco.com\/portal\/wp-json\/wp\/v2\/posts\/2991\/revisions"}],"wp:featuredmedia":[{"embeddable":true,"href":"https:\/\/amanecerhuasteco.com\/portal\/wp-json\/wp\/v2\/media\/2990"}],"wp:attachment":[{"href":"https:\/\/amanecerhuasteco.com\/portal\/wp-json\/wp\/v2\/media?parent=2991"}],"wp:term":[{"taxonomy":"category","embeddable":true,"href":"https:\/\/amanecerhuasteco.com\/portal\/wp-json\/wp\/v2\/categories?post=2991"},{"taxonomy":"post_tag","embeddable":true,"href":"https:\/\/amanecerhuasteco.com\/portal\/wp-json\/wp\/v2\/tags?post=2991"}],"curies":[{"name":"wp","href":"https:\/\/api.w.org\/{rel}","templated":true}]}}