{"id":3018,"date":"2013-02-26T20:59:55","date_gmt":"2013-02-27T02:59:55","guid":{"rendered":"http:\/\/amanecerhuasteco.com\/portal\/2013\/02\/26\/inaugura-techado-de-la-cancha-de-la-primaria-de-el-pujal\/"},"modified":"2013-02-26T20:59:55","modified_gmt":"2013-02-27T02:59:55","slug":"inaugura-techado-de-la-cancha-de-la-primaria-de-el-pujal","status":"publish","type":"post","link":"https:\/\/amanecerhuasteco.com\/portal\/inaugura-techado-de-la-cancha-de-la-primaria-de-el-pujal\/","title":{"rendered":"INAUGURA TECHADO DE LA CANCHA DE LA PRIMARIA DE EL PUJAL"},"content":{"rendered":"<div align=\"justify\"><\/div>\n<div align=\"justify\"><strong>&#8211; La inversi\u00f3n es de\u00a0 456.000.00<br \/><\/strong>Ciudad Valles 26\/2\/13.- El techado de la cancha de la Escuela Primaria \u201cMiguel Hidalgo y Costilla\u00a8, de El Pujal, fue inaugurado este lunes por la S\u00edndico\u00a0 Municipal\u00a0 Elia Rodr\u00edguez Lucero, en Representaci\u00f3n del Alcalde Juan Jos\u00e9 Ortiz Azuara,\u00a0 obra que representa una inversi\u00f3n de\u00a0 456 mil pesos.<br \/>En el evento estuvieron presentes\u00a0\u00a0 Jos\u00e9 Federico Carranza, Jefe de la Unidad Regional de Servicios Educativos\u00a0 y la Profra. Narcisa Oca\u00f1a S\u00e1nchez, Jefa del Sector XIV entre otros profesores que acompa\u00f1aron al Profr. H\u00e9ctor Javier Herrera Garc\u00eda, Director del Plantel Educativo, a inaugurar oficialmente el techado de la cancha.<br \/>El Director\u00a0 de Educaci\u00f3n Municipal, Profr. Jos\u00e9 Antonio Tovar Herrera, tuvo a su cargo el acto de Juramento de bandera por parte de los alumnos de ese plantel educativo, quienes al un\u00edsono repitieron\u00a0 las palabras de fidelidad a la insignia tricolor, comprometi\u00e9ndose con ello a estudiar m\u00e1s hoy y ser mejores estudiantes a futuro.<br \/>En esta misma actividad, la alumna Diana Yudith Moreno Mata, recibi\u00f3 un merecido reconocimiento\u00a0 por su excelente desempe\u00f1o acad\u00e9mico, mismo que\u00a0 le fue entregado por la Profra. Rodr\u00edguez Lucero, quien la conmin\u00f3 a seguirse esforzando para con ello poco a poco abrirse paso para llegar a convertirse en una gran profesionista.<br \/>Despu\u00e9s de un lucido programa cultural, la S\u00edndico Municipal\u00a0 felicit\u00f3 a los alumnos del plantel por la calidad del evento y al Director de la Escuela por involucrarse en las actividades escolares, porque hoy tienen una cancha techada que les\u00a0 permitir\u00e1 desarrollar sus eventos\u00a0 protegi\u00e9ndose de las inclemencias del tiempo.<\/div>\n<div align=\"justify\"><img decoding=\"async\" src=\"images\/stories\/feb13\/techo2.jpg\" border=\"0\" alt=\"INAUGURA TECHADO DE LA CANCHA DE LA PRIMARIA DE EL PUJAL\" title=\"INAUGURA TECHADO DE LA CANCHA DE LA PRIMARIA DE EL PUJAL\" \/> <\/div>\n","protected":false},"excerpt":{"rendered":"<p>&#8211; La inversi\u00f3n es de\u00a0 456.000.00Ciudad Valles 26\/2\/13.- El techado de la cancha de la Escuela Primaria \u201cMiguel Hidalgo y Costilla\u00a8, de El Pujal, fue inaugurado este lunes por la S\u00edndico\u00a0 Municipal\u00a0 Elia Rodr\u00edguez Lucero, en Representaci\u00f3n del Alcalde Juan Jos\u00e9 Ortiz Azuara,\u00a0 obra que &hellip; <\/p>\n","protected":false},"author":1,"featured_media":3017,"comment_status":"open","ping_status":"open","sticky":false,"template":"","format":"standard","meta":{"footnotes":""},"categories":[7],"tags":[],"class_list":["post-3018","post","type-post","status-publish","format-standard","has-post-thumbnail","hentry","category-ciudad"],"_links":{"self":[{"href":"https:\/\/amanecerhuasteco.com\/portal\/wp-json\/wp\/v2\/posts\/3018","targetHints":{"allow":["GET"]}}],"collection":[{"href":"https:\/\/amanecerhuasteco.com\/portal\/wp-json\/wp\/v2\/posts"}],"about":[{"href":"https:\/\/amanecerhuasteco.com\/portal\/wp-json\/wp\/v2\/types\/post"}],"author":[{"embeddable":true,"href":"https:\/\/amanecerhuasteco.com\/portal\/wp-json\/wp\/v2\/users\/1"}],"replies":[{"embeddable":true,"href":"https:\/\/amanecerhuasteco.com\/portal\/wp-json\/wp\/v2\/comments?post=3018"}],"version-history":[{"count":0,"href":"https:\/\/amanecerhuasteco.com\/portal\/wp-json\/wp\/v2\/posts\/3018\/revisions"}],"wp:featuredmedia":[{"embeddable":true,"href":"https:\/\/amanecerhuasteco.com\/portal\/wp-json\/wp\/v2\/media\/3017"}],"wp:attachment":[{"href":"https:\/\/amanecerhuasteco.com\/portal\/wp-json\/wp\/v2\/media?parent=3018"}],"wp:term":[{"taxonomy":"category","embeddable":true,"href":"https:\/\/amanecerhuasteco.com\/portal\/wp-json\/wp\/v2\/categories?post=3018"},{"taxonomy":"post_tag","embeddable":true,"href":"https:\/\/amanecerhuasteco.com\/portal\/wp-json\/wp\/v2\/tags?post=3018"}],"curies":[{"name":"wp","href":"https:\/\/api.w.org\/{rel}","templated":true}]}}