{"id":3027,"date":"2013-02-27T23:46:29","date_gmt":"2013-02-28T05:46:29","guid":{"rendered":"http:\/\/amanecerhuasteco.com\/portal\/2013\/02\/27\/capacita-inames-a-familiares-de-migrantes-potosinos\/"},"modified":"2013-02-27T23:46:29","modified_gmt":"2013-02-28T05:46:29","slug":"capacita-inames-a-familiares-de-migrantes-potosinos","status":"publish","type":"post","link":"https:\/\/amanecerhuasteco.com\/portal\/capacita-inames-a-familiares-de-migrantes-potosinos\/","title":{"rendered":"CAPACITA INAMES A FAMILIARES DE MIGRANTES POTOSINOS"},"content":{"rendered":"<div align=\"justify\">San Luis Potos\u00ed 27\/2\/13.-El Instituto de Atenci\u00f3n a Migrantes (INAMES), inform\u00f3 que a trav\u00e9s del Fondo de Apoyo a Migrantes y con una mezcla de recursos con la Secretar\u00eda de Desarrollo Econ\u00f3mico (SEDECO), se apoy\u00f3 a grupos de artesanos, familiares de migrantes potosinos radicados en Estados Unidos.<\/p>\n<p>Los artesanos y artesanas son originarios de los municipios de Alaquines, Armadillo, Mexquitic, San Ciro de Acosta y\u00a0 Santa Mar\u00eda del R\u00edo y se apoyaron en total 18 proyectos de equipamiento.<\/p>\n<p>Adem\u00e1s, con la misma mezcla de recursos, se apoy\u00f3 la capacitaci\u00f3n de 13 artesanos de la comunidad Los Morados, municipio de Moctezuma, quienes recibieron\u00a0 una beca durante los dos meses de duraci\u00f3n de la capacitaci\u00f3n en los talleres impartidos de Marqueter\u00eda y Talabarter\u00eda.<\/p>\n<p>La se\u00f1ora Gloria Estela Huerta del municipio de Santa Mar\u00eda del R\u00edo, una de las beneficiadas a trav\u00e9s del Fondo de Apoyo a Migrantes, mencion\u00f3 que gracias a los conocimientos adquiridos en estos talleres, ahora puede elaborar piezas de marqueter\u00eda que podr\u00e1 vender y mejorar su situaci\u00f3n econ\u00f3mica.<\/p>\n<p>Por su parte, el se\u00f1or Juan Fr\u00edas Torres, tambi\u00e9n de Santa Mar\u00eda del R\u00edo, indic\u00f3 que recibi\u00f3 beca para prepararse en talabarter\u00eda, como familiar de migrante potosino que radica en Estados Unidos, y se mostr\u00f3 satisfecho por los beneficios recibidos con este Fondo de apoyo, por lo que tendr\u00e1 un mejor impulso econ\u00f3mico con los conocimientos adquiridos.<\/div>\n","protected":false},"excerpt":{"rendered":"<p>San Luis Potos\u00ed 27\/2\/13.-El Instituto de Atenci\u00f3n a Migrantes (INAMES), inform\u00f3 que a trav\u00e9s del Fondo de Apoyo a Migrantes y con una mezcla de recursos con la Secretar\u00eda de Desarrollo Econ\u00f3mico (SEDECO), se apoy\u00f3 a grupos de artesanos, familiares de migrantes potosinos radicados en &hellip; <\/p>\n","protected":false},"author":1,"featured_media":17874,"comment_status":"open","ping_status":"open","sticky":false,"template":"","format":"standard","meta":{"footnotes":""},"categories":[4],"tags":[],"class_list":["post-3027","post","type-post","status-publish","format-standard","has-post-thumbnail","hentry","category-inicio"],"_links":{"self":[{"href":"https:\/\/amanecerhuasteco.com\/portal\/wp-json\/wp\/v2\/posts\/3027","targetHints":{"allow":["GET"]}}],"collection":[{"href":"https:\/\/amanecerhuasteco.com\/portal\/wp-json\/wp\/v2\/posts"}],"about":[{"href":"https:\/\/amanecerhuasteco.com\/portal\/wp-json\/wp\/v2\/types\/post"}],"author":[{"embeddable":true,"href":"https:\/\/amanecerhuasteco.com\/portal\/wp-json\/wp\/v2\/users\/1"}],"replies":[{"embeddable":true,"href":"https:\/\/amanecerhuasteco.com\/portal\/wp-json\/wp\/v2\/comments?post=3027"}],"version-history":[{"count":0,"href":"https:\/\/amanecerhuasteco.com\/portal\/wp-json\/wp\/v2\/posts\/3027\/revisions"}],"wp:featuredmedia":[{"embeddable":true,"href":"https:\/\/amanecerhuasteco.com\/portal\/wp-json\/wp\/v2\/media\/17874"}],"wp:attachment":[{"href":"https:\/\/amanecerhuasteco.com\/portal\/wp-json\/wp\/v2\/media?parent=3027"}],"wp:term":[{"taxonomy":"category","embeddable":true,"href":"https:\/\/amanecerhuasteco.com\/portal\/wp-json\/wp\/v2\/categories?post=3027"},{"taxonomy":"post_tag","embeddable":true,"href":"https:\/\/amanecerhuasteco.com\/portal\/wp-json\/wp\/v2\/tags?post=3027"}],"curies":[{"name":"wp","href":"https:\/\/api.w.org\/{rel}","templated":true}]}}