{"id":3032,"date":"2013-02-28T14:49:32","date_gmt":"2013-02-28T20:49:32","guid":{"rendered":"http:\/\/amanecerhuasteco.com\/portal\/2013\/02\/28\/municipio-entrega-aula-al-emsad19-con-una-inversion-de-567633-pesos\/"},"modified":"2013-02-28T14:49:32","modified_gmt":"2013-02-28T20:49:32","slug":"municipio-entrega-aula-al-emsad19-con-una-inversion-de-567633-pesos","status":"publish","type":"post","link":"https:\/\/amanecerhuasteco.com\/portal\/municipio-entrega-aula-al-emsad19-con-una-inversion-de-567633-pesos\/","title":{"rendered":"MUNICIPIO ENTREGA AULA AL EMSAD19 CON UNA INVERSION DE  567,633 PESOS"},"content":{"rendered":"<div align=\"justify\"><strong>&#8211; Alumnos le solicitan apoyo para la\u00a0 introducci\u00f3n de energ\u00eda el\u00e9ctrica<br \/><\/strong>Ciudad Valles S.L.P. 28\/2\/13.- El Presidente Municipal,\u00a0 Juan Jos\u00e9 Ortiz Azuara se traslad\u00f3 la ma\u00f1ana de este mi\u00e9rcoles al Ejido Coyoles, en donde inaugur\u00f3 la construcci\u00f3n de un aula que representa una inversi\u00f3n de 567 mil 633.31 pesos,\u00a0 y beneficia en forma directa a\u00a0 m\u00e1s de 120 alumnos que asisten a ese lugar provenientes de lugares vecinos como Camillas, Santa Fe, San Mateo, El Platanito, la Loma y Rancho Nuevo. \u00a0<br \/>\u00a0\u00a0\u00a0\u00a0\u00a0 La Directora del plantel de Educaci\u00f3n Media Superior a Distancia-EMSAD 19, Profra. Abigail Flores S\u00e1nchez, en su mensaje al Alcalde Ortiz Azuara, le agradeci\u00f3 su intervenci\u00f3n para concretar la conclusi\u00f3n de esta aula que les permite un espacio digno, por lo que hoy ven realizado una parte del sue\u00f1o de tener sus propias instalaciones, consientes de que los grandes objetivos no se logran de la noche a la ma\u00f1ana.<br \/>\u00a0\u00a0\u00a0\u00a0\u00a0\u00a0 A nombre de los alumnos, Ivetth Castro Grimaldo, Presidenta del Consejo Estudiantil,\u00a0 le expuso al Jefe de la Comuna que el EMSAD 19 de Coyoles,\u00a0 es producto de una gran labor y del trabajo conjunto de manos involucradas con el af\u00e1n de hacer realidad un espacio que hoy les beneficia a ellos pero que albergar\u00e1 a muchos alumnos de los pr\u00f3ximas generaciones, comprometi\u00e9ndose a nombre de todos a aplicarse en los estudios y hacer su mejor esfuerzo.<\/div>\n<div align=\"justify\"><img decoding=\"async\" src=\"images\/stories\/feb13\/aulaemsad2.jpg\" border=\"0\" alt=\"MUNICIPIO ENTREGA AULA AL EMSAD19 CON UNA INVERSION DE  567,633 PESOS\" title=\"MUNICIPIO ENTREGA AULA AL EMSAD19 CON UNA INVERSION DE  567,633 PESOS\" \/> <\/div>\n<div align=\"justify\">\u00a0\u00a0\u00a0\u00a0\u00a0\u00a0\u00a0 Al mismo tiempo, la alumna le expuso al Lic. Ortiz Azuara la imperante necesidad de que se introduzca la energ\u00eda el\u00e9ctrica\u00a0 a este plantel, sobre todo si se considera que las temperaturas extremo calurosas que se registran en la regi\u00f3n ya comenzaron; para lo cual hizo patente la disponibilidad de padres de familia de trabajar en aras de cumplir este objetivo.<br \/>\u00a0\u00a0\u00a0\u00a0\u00a0\u00a0 En presencia del\u00a0 Domingo Viramontes Reyna, Representante del Sistema COBACH en la entidad; , del Comisariado Ejidal, Agust\u00edn M\u00e9ndez Castillo, del Presidente de la Sociedad de Padres de Familia, Jos\u00e9 Tiburcio Mart\u00ednez Jaime, alumnos y profesores del plantel, entre otras personalidades, el Presidente Municipal respondi\u00f3 a los alumnos\u00a0 en torno a la petici\u00f3n de contar con el servicio de energ\u00eda el\u00e9ctrica, posibilidad que indic\u00f3 se tratar\u00e1 de cumplir a trav\u00e9s del Ramo 28, por esta ya comprometido el Programa de Obras y Acciones para este a\u00f1o.<br \/>\u00a0\u00a0\u00a0\u00a0\u00a0 Manifest\u00f3 que continuar\u00e1 apoy\u00e1ndolos y exhort\u00f3 a los alumnos a seguir estudiando, para que este esfuerzo que hacen fructifique con una carrera t\u00e9cnica o de ser posible profesional, que los haga sentirse orgullosos de s\u00ed mismo y que enorgullezca a sus padres.<br \/>La comunidad educativa del plantel le ofreci\u00f3 un convivi\u00f3 al Alcalde en agradecimiento por su esfuerzo, marco en el cual los alumnos que egresaran al t\u00e9rmino del presente ciclo escolar y quienes conforman la primera generaci\u00f3n del plantel, le solicitaron al Jefe de la comuna Vallense que los apadrine en su graduaci\u00f3n a lo que el mun\u00edcipe acept\u00f3 con agrado al mismo tiempo que respondi\u00f3 a solicitudes como la que le hicieron representantes de la\u00a0 telesecundaria del lugar\u00a0 que le solicitaron mesa bancos,\u00a0 una bandera, equipo para la pr\u00e1ctica de b\u00e9isbol y una cancha techada.<\/div>\n","protected":false},"excerpt":{"rendered":"<p>&#8211; Alumnos le solicitan apoyo para la\u00a0 introducci\u00f3n de energ\u00eda el\u00e9ctricaCiudad Valles S.L.P. 28\/2\/13.- El Presidente Municipal,\u00a0 Juan Jos\u00e9 Ortiz Azuara se traslad\u00f3 la ma\u00f1ana de este mi\u00e9rcoles al Ejido Coyoles, en donde inaugur\u00f3 la construcci\u00f3n de un aula que representa una inversi\u00f3n de 567 &hellip; <\/p>\n","protected":false},"author":1,"featured_media":3031,"comment_status":"open","ping_status":"open","sticky":false,"template":"","format":"standard","meta":{"footnotes":""},"categories":[7],"tags":[],"class_list":["post-3032","post","type-post","status-publish","format-standard","has-post-thumbnail","hentry","category-ciudad"],"_links":{"self":[{"href":"https:\/\/amanecerhuasteco.com\/portal\/wp-json\/wp\/v2\/posts\/3032","targetHints":{"allow":["GET"]}}],"collection":[{"href":"https:\/\/amanecerhuasteco.com\/portal\/wp-json\/wp\/v2\/posts"}],"about":[{"href":"https:\/\/amanecerhuasteco.com\/portal\/wp-json\/wp\/v2\/types\/post"}],"author":[{"embeddable":true,"href":"https:\/\/amanecerhuasteco.com\/portal\/wp-json\/wp\/v2\/users\/1"}],"replies":[{"embeddable":true,"href":"https:\/\/amanecerhuasteco.com\/portal\/wp-json\/wp\/v2\/comments?post=3032"}],"version-history":[{"count":0,"href":"https:\/\/amanecerhuasteco.com\/portal\/wp-json\/wp\/v2\/posts\/3032\/revisions"}],"wp:featuredmedia":[{"embeddable":true,"href":"https:\/\/amanecerhuasteco.com\/portal\/wp-json\/wp\/v2\/media\/3031"}],"wp:attachment":[{"href":"https:\/\/amanecerhuasteco.com\/portal\/wp-json\/wp\/v2\/media?parent=3032"}],"wp:term":[{"taxonomy":"category","embeddable":true,"href":"https:\/\/amanecerhuasteco.com\/portal\/wp-json\/wp\/v2\/categories?post=3032"},{"taxonomy":"post_tag","embeddable":true,"href":"https:\/\/amanecerhuasteco.com\/portal\/wp-json\/wp\/v2\/tags?post=3032"}],"curies":[{"name":"wp","href":"https:\/\/api.w.org\/{rel}","templated":true}]}}