{"id":3056,"date":"2013-03-02T18:25:05","date_gmt":"2013-03-03T00:25:05","guid":{"rendered":"http:\/\/amanecerhuasteco.com\/portal\/2013\/03\/02\/agua-aulas-sanitario-y-alumbrado-principales-peticiones-en-la-subida\/"},"modified":"2013-03-02T18:25:05","modified_gmt":"2013-03-03T00:25:05","slug":"agua-aulas-sanitario-y-alumbrado-principales-peticiones-en-la-subida","status":"publish","type":"post","link":"https:\/\/amanecerhuasteco.com\/portal\/agua-aulas-sanitario-y-alumbrado-principales-peticiones-en-la-subida\/","title":{"rendered":"AGUA, AULAS, SANITARIO Y ALUMBRADO PRINCIPALES  PETICIONES EN LA SUBIDA"},"content":{"rendered":"<div style=\"text-align: justify\"><\/div>\n<div style=\"text-align: justify\">Ciudad Valles S.L.P. 2\/3\/13.- El Regidor, Ing. Manuel Valdez Galicia, presidi\u00f3 este jueves en representaci\u00f3n del Alcalde Juan Jos\u00e9 Ortiz Azuara, las mesas de trabajo en el Ejido La Subida, en donde cientos de personas \u00a0acudieron para solicitar \u00a0 apoyos y servicios a las diferentes direcciones de la administraci\u00f3n municipal, que acorde con la pol\u00edtica del Alcalde Juan Jos\u00e9 Ortiz Azuara, se trasladaron hasta all\u00e1 para poder atenderles.<\/div>\n<div style=\"text-align: justify\"><\/div>\n<div style=\"text-align: justify\">Las autoridades del lugar, as\u00ed como del Barrio de Guadalupe y sus anexos, se reunieron en primer lugar en la galera ejidal, \u00a0en donde recibieron atenci\u00f3n de todos los programas que se manejan, y posteriormente se trasladaron a un aula de la escuela primaria, en donde el comisariado ejidal, los directores de los planteles, as\u00ed como dirigentes de los anexos, y consejeros de Desarrollo Social, expusieron la problem\u00e1tica que actualmente registran.<\/div>\n<div style=\"text-align: justify\"><\/div>\n<div style=\"text-align: justify\">Entre las peticiones \u00a0que se \u00a0presentaron se encuentran dep\u00f3sitos de agua para La Subida, Ignacio Zaragoza, Ranchito 1 y 2 y El \u00a0Laurel, as\u00ed como \u00a0aulas para medios, sanitarios, piletas, reparaci\u00f3n del plantel donde labora educaci\u00f3n inicial, dep\u00f3sitos para agua tipo rotoplas, l\u00e1minas, despensas, rehabilitaci\u00f3n de calles y mobiliarios escolar.<\/div>\n<div style=\"text-align: justify\"><img decoding=\"async\" src=\"images\/stories\/mzo13\/subidamedico.jpg\" border=\"0\" alt=\"AGUA, AULAS, SANITARIO Y ALUMBRADO PRINCIPALES  PETICIONES EN LA SUBIDA\" title=\"AGUA, AULAS, SANITARIO Y ALUMBRADO PRINCIPALES  PETICIONES EN LA SUBIDA\" \/><\/div>\n<div style=\"text-align: justify\">Los ah\u00ed presentes expusieron al Regidor Valdez Galicia las situaciones que atraviesan, sus prioridades y agradecieron tambi\u00e9n que la DAPA Rural trabajara y dotara de agua al aula de Educaci\u00f3n Inicial; en tanto que por \u00a0parte de las autoridades se les dio a conocer que se les apoyar\u00e1 en la medida de las posibilidades, tratando de consolidar por lo menos una acci\u00f3n por plantel, para apoyar a todos los sectores, tal como es el objetivo del Alcalde Juan Jos\u00e9 Ortiz Azuara.<\/div>\n<div style=\"text-align: justify\">\u00a0Cabe hacer menci\u00f3n que en esta ocasi\u00f3n el \u00e1rea de Atenci\u00f3n a Grupo vulnerables atendi\u00f3 a 27 personas, la de Discapacidad a 2, una de ellas que de inmediato se canaliz\u00f3 y a partir de la pr\u00f3xima semana ser\u00e1 atendida por un plantes \u00a0de atenci\u00f3n especial; en el Caso de 70 y M\u00e1s se atendi\u00f3 a decenas de `personas en tr\u00e1mites \u00a0que se consideran normales, y uno de ellos ser\u00e1 apoyado para que se obtenga el acta de nacimiento. Se hizo presente tambi\u00e9n la brigada medico social, el show de payasos y la loter\u00eda con premios consistentes en productos de la despensa b\u00e1sica.<\/div>\n<div style=\"text-align: justify\"><\/div>\n<div style=\"text-align: justify\">En el caso de obras p\u00fablicas se hizo el tr\u00e1mite y los acuerdos para regresar en el transcurso de los pr\u00f3ximos d\u00edas y llevar a cabo la rehabilitaci\u00f3n de las calles; adem\u00e1s de que se inici\u00f3 con la revisi\u00f3n para la reparaci\u00f3n o cambio de por lo menos 34 luminarias.<\/div>\n<div style=\"text-align: justify\"><img decoding=\"async\" src=\"images\/stories\/mzo13\/subidacorte.jpg\" border=\"0\" alt=\"AGUA, AULAS, SANITARIO Y ALUMBRADO PRINCIPALES  PETICIONES EN LA SUBIDA\" title=\"AGUA, AULAS, SANITARIO Y ALUMBRADO PRINCIPALES  PETICIONES EN LA SUBIDA\" \/>\u00a0<\/div>\n","protected":false},"excerpt":{"rendered":"<p>Ciudad Valles S.L.P. 2\/3\/13.- El Regidor, Ing. Manuel Valdez Galicia, presidi\u00f3 este jueves en representaci\u00f3n del Alcalde Juan Jos\u00e9 Ortiz Azuara, las mesas de trabajo en el Ejido La Subida, en donde cientos de personas \u00a0acudieron para solicitar \u00a0 apoyos y servicios a las diferentes &hellip; <\/p>\n","protected":false},"author":1,"featured_media":3055,"comment_status":"open","ping_status":"open","sticky":false,"template":"","format":"standard","meta":{"footnotes":""},"categories":[7],"tags":[],"class_list":["post-3056","post","type-post","status-publish","format-standard","has-post-thumbnail","hentry","category-ciudad"],"_links":{"self":[{"href":"https:\/\/amanecerhuasteco.com\/portal\/wp-json\/wp\/v2\/posts\/3056","targetHints":{"allow":["GET"]}}],"collection":[{"href":"https:\/\/amanecerhuasteco.com\/portal\/wp-json\/wp\/v2\/posts"}],"about":[{"href":"https:\/\/amanecerhuasteco.com\/portal\/wp-json\/wp\/v2\/types\/post"}],"author":[{"embeddable":true,"href":"https:\/\/amanecerhuasteco.com\/portal\/wp-json\/wp\/v2\/users\/1"}],"replies":[{"embeddable":true,"href":"https:\/\/amanecerhuasteco.com\/portal\/wp-json\/wp\/v2\/comments?post=3056"}],"version-history":[{"count":0,"href":"https:\/\/amanecerhuasteco.com\/portal\/wp-json\/wp\/v2\/posts\/3056\/revisions"}],"wp:featuredmedia":[{"embeddable":true,"href":"https:\/\/amanecerhuasteco.com\/portal\/wp-json\/wp\/v2\/media\/3055"}],"wp:attachment":[{"href":"https:\/\/amanecerhuasteco.com\/portal\/wp-json\/wp\/v2\/media?parent=3056"}],"wp:term":[{"taxonomy":"category","embeddable":true,"href":"https:\/\/amanecerhuasteco.com\/portal\/wp-json\/wp\/v2\/categories?post=3056"},{"taxonomy":"post_tag","embeddable":true,"href":"https:\/\/amanecerhuasteco.com\/portal\/wp-json\/wp\/v2\/tags?post=3056"}],"curies":[{"name":"wp","href":"https:\/\/api.w.org\/{rel}","templated":true}]}}