{"id":3072,"date":"2013-03-05T14:55:08","date_gmt":"2013-03-05T20:55:08","guid":{"rendered":"http:\/\/amanecerhuasteco.com\/portal\/2013\/03\/05\/roberto-armando-naif-nuevo-director-de-comunicacion-social-del-gobierno-del-estado\/"},"modified":"2013-03-05T14:55:08","modified_gmt":"2013-03-05T20:55:08","slug":"roberto-armando-naif-nuevo-director-de-comunicacion-social-del-gobierno-del-estado","status":"publish","type":"post","link":"https:\/\/amanecerhuasteco.com\/portal\/roberto-armando-naif-nuevo-director-de-comunicacion-social-del-gobierno-del-estado\/","title":{"rendered":"ROBERTO ARMANDO NAIF, NUEVO DIRECTOR DE COMUNICACI\u00d3N SOCIAL DEL GOBIERNO DEL ESTADO"},"content":{"rendered":"<div align=\"justify\"><\/div>\n<div align=\"justify\">San Luis Potos\u00ed 4\/3\/13.- Ante la renuncia que el d\u00eda de hoy present\u00f3\u00a0 Juan Antonio Hern\u00e1ndez Varela, al cargo de Coordinador de Comunicaci\u00f3n Social del Gobierno del Estado, el C. Gobernador Constitucional del Estado Dr. Fernando Toranzo Fern\u00e1ndez, en uso de las facultades que le concede la Constituci\u00f3n Pol\u00edtica del Estado de San Luis Potos\u00ed y la Ley Org\u00e1nica de la Administraci\u00f3n P\u00fablica, ha designado al Mtro. En Gesti\u00f3n P\u00fablica Roberto Armando Naif, como Coordinador de Comunicaci\u00f3n Social a\u00a0 partir de esta fecha.<\/p>\n<p>El Maestro Roberto Armando Naif, ha sido funcionario en los tres niveles de gobierno, asimismo, ha sido catedr\u00e1tico universitario y actualmente se desempe\u00f1a como Director General de la Promotora del Estado de San Luis Potos\u00ed.<br \/>\u00a0\u00a0\u00a0\u00a0 Los cargos que ha desempe\u00f1ado el Ing. Roberto Armando Naif, han sido: Director General de Informaci\u00f3n y Relaciones P\u00fablicas del Gobierno del Estado, Director General de la Junta Estatal de Caminos, Director General del Instituto Estatal de la Vivienda del Estado.<br \/>\u00a0\u00a0\u00a0\u00a0\u00a0\u00a0 En el \u00e1mbito federal, se desempe\u00f1\u00f3 con cargos en la extinta Secretar\u00eda de Obras P\u00fablicas como Asesor del C. Secretario del Ramo.\u00a0 Colabor\u00f3 en el extinto Instituto Nacional de Energ\u00eda Nuclear.<br \/>\u00a0\u00a0\u00a0\u00a0\u00a0 Fue colaborador como articulista en el Peri\u00f3dico Pulso de San Luis Potos\u00ed, en la Revista Macro Econom\u00eda y en la Revista Impacto.<br \/>\u00a0\u00a0\u00a0\u00a0\u00a0\u00a0\u00a0\u00a0 El Maestro Naif tiene estudios de Posgrado en el Instituto Nacional de Administraci\u00f3n P\u00fablica, en el Centro de Investigaci\u00f3n y Docencias Econ\u00f3micas A. C. (CIDE), en la Escuela de Graduados en Administraci\u00f3n y Pol\u00edtica P\u00fablica del ITESM.\u00a0 Actualmente tiene el grado de Maestro en Gesti\u00f3n P\u00fablica Aplicada en dicha instituci\u00f3n.<\/div>\n","protected":false},"excerpt":{"rendered":"<p>San Luis Potos\u00ed 4\/3\/13.- Ante la renuncia que el d\u00eda de hoy present\u00f3\u00a0 Juan Antonio Hern\u00e1ndez Varela, al cargo de Coordinador de Comunicaci\u00f3n Social del Gobierno del Estado, el C. Gobernador Constitucional del Estado Dr. Fernando Toranzo Fern\u00e1ndez, en uso de las facultades que le &hellip; <\/p>\n","protected":false},"author":1,"featured_media":3071,"comment_status":"open","ping_status":"open","sticky":false,"template":"","format":"standard","meta":{"footnotes":""},"categories":[4],"tags":[],"class_list":["post-3072","post","type-post","status-publish","format-standard","has-post-thumbnail","hentry","category-inicio"],"_links":{"self":[{"href":"https:\/\/amanecerhuasteco.com\/portal\/wp-json\/wp\/v2\/posts\/3072","targetHints":{"allow":["GET"]}}],"collection":[{"href":"https:\/\/amanecerhuasteco.com\/portal\/wp-json\/wp\/v2\/posts"}],"about":[{"href":"https:\/\/amanecerhuasteco.com\/portal\/wp-json\/wp\/v2\/types\/post"}],"author":[{"embeddable":true,"href":"https:\/\/amanecerhuasteco.com\/portal\/wp-json\/wp\/v2\/users\/1"}],"replies":[{"embeddable":true,"href":"https:\/\/amanecerhuasteco.com\/portal\/wp-json\/wp\/v2\/comments?post=3072"}],"version-history":[{"count":0,"href":"https:\/\/amanecerhuasteco.com\/portal\/wp-json\/wp\/v2\/posts\/3072\/revisions"}],"wp:featuredmedia":[{"embeddable":true,"href":"https:\/\/amanecerhuasteco.com\/portal\/wp-json\/wp\/v2\/media\/3071"}],"wp:attachment":[{"href":"https:\/\/amanecerhuasteco.com\/portal\/wp-json\/wp\/v2\/media?parent=3072"}],"wp:term":[{"taxonomy":"category","embeddable":true,"href":"https:\/\/amanecerhuasteco.com\/portal\/wp-json\/wp\/v2\/categories?post=3072"},{"taxonomy":"post_tag","embeddable":true,"href":"https:\/\/amanecerhuasteco.com\/portal\/wp-json\/wp\/v2\/tags?post=3072"}],"curies":[{"name":"wp","href":"https:\/\/api.w.org\/{rel}","templated":true}]}}