{"id":3091,"date":"2013-03-06T23:20:26","date_gmt":"2013-03-07T05:20:26","guid":{"rendered":"http:\/\/amanecerhuasteco.com\/portal\/2013\/03\/06\/congreso-infantil-para-elegir-al-unino-presidente-por-un-diau\/"},"modified":"2013-03-06T23:20:26","modified_gmt":"2013-03-07T05:20:26","slug":"congreso-infantil-para-elegir-al-unino-presidente-por-un-diau","status":"publish","type":"post","link":"https:\/\/amanecerhuasteco.com\/portal\/congreso-infantil-para-elegir-al-unino-presidente-por-un-diau\/","title":{"rendered":"CONGRESO INFANTIL PARA ELEGIR AL \u00a8NI\u00d1O PRESIDENTE POR UN DIA\u00a8"},"content":{"rendered":"<div style=\"text-align: justify\"><span style=\"line-height: 1.3em\"><strong>&#8211; Podr\u00e1n participar los alumnos inscritos en 4\u00ba,5\u00ba,6\u00ba, grado \u00a0<\/strong><\/span><\/div>\n<div style=\"text-align: justify\"><span style=\"line-height: 1.3em\">Ciudad Valles 6\/3\/13.- La Secretaria de Educaci\u00f3n de Gobierno del Estado, a trav\u00e9s de la Unidad Regional de Servicios Educativos y en coordinaci\u00f3n con el H. Ayuntamiento Municipal convoca a los alumnos inscritos en las Escuelas Primarias Generales y de Educaci\u00f3n Ind\u00edgena de las Zonas Escolares perteneciente a la Regi\u00f3n Huasteca Norte, al congreso infantil para elegir al \u00a0\u201cNi\u00f1o Presidente Municipal Por Un D\u00eda\u201d.<\/span><\/div>\n<div style=\"text-align: justify\"><\/div>\n<div style=\"text-align: justify\">Podr\u00e1n participar los alumnos inscritos en 4\u00ba,5\u00ba,6\u00ba, grado \u00a0quienes representar\u00e1n a sus respectivos Centros Educativos, con una ponencia \u00a0conforme al tema y base \u00a0de la presente convocatoria.<\/div>\n<div style=\"text-align: justify\"><\/div>\n<div style=\"text-align: justify\">La ponencia ser\u00e1 presentada con una duraci\u00f3n de 8 a 10 minutos, que haga referencia a la problem\u00e1tica que aqueja a la comunidad y al municipio. Con el principal enfoque; \u00a0\u201cque puedo hacer como ni\u00f1o estudiante por mi comunidad y que har\u00eda si fuera presidente municipal\u201d.<\/div>\n<div style=\"text-align: justify\"><\/div>\n<div style=\"text-align: justify\">Los trabajos ser\u00e1n seleccionados en tres etapas: Congreso de la Escuela, se podr\u00e1 realizar a partir de la publicaci\u00f3n de la presente hasta el 8 de Marzo de 2013; \u00a0Congreso de Zona Escolar y Congreso Municipal, la cual se realizar\u00e1 el d\u00eda 29 de abril de 2013.<\/div>\n<div style=\"text-align: justify\"><\/div>\n<div style=\"text-align: justify\">La ponencia triunfadora de la primera etapa ser\u00e1 entregada por el director de la escuela al Supervisor de Zona, los trabajos ser\u00e1n presentados por su autor en el Congreso Municipal quien realizar\u00e1 una exposici\u00f3n de su trabajo y contestar\u00e1 los cuestionamientos que determinen los participantes y el jurado.<\/div>\n<div style=\"text-align: justify\"><\/div>\n<div style=\"text-align: justify\">El programa de actividades del Congreso Infantil en su tercera etapa se llevar\u00e1 a cabo en el Sal\u00f3n de Cabildo de la Presidencia Municipal. El Jurado indicar\u00e1 al alumno seleccionado que el d\u00eda 30 de abril de 2013 se le designar\u00e1 como \u00a8Presidente Municipal por Un D\u00eda\u00a8 y los dem\u00e1s participantes como S\u00edndicos y Regidores.<\/div>\n","protected":false},"excerpt":{"rendered":"<p>&#8211; Podr\u00e1n participar los alumnos inscritos en 4\u00ba,5\u00ba,6\u00ba, grado \u00a0 Ciudad Valles 6\/3\/13.- La Secretaria de Educaci\u00f3n de Gobierno del Estado, a trav\u00e9s de la Unidad Regional de Servicios Educativos y en coordinaci\u00f3n con el H. Ayuntamiento Municipal convoca a los alumnos inscritos en las &hellip; <\/p>\n","protected":false},"author":1,"featured_media":17874,"comment_status":"open","ping_status":"open","sticky":false,"template":"","format":"standard","meta":{"footnotes":""},"categories":[7],"tags":[],"class_list":["post-3091","post","type-post","status-publish","format-standard","has-post-thumbnail","hentry","category-ciudad"],"_links":{"self":[{"href":"https:\/\/amanecerhuasteco.com\/portal\/wp-json\/wp\/v2\/posts\/3091","targetHints":{"allow":["GET"]}}],"collection":[{"href":"https:\/\/amanecerhuasteco.com\/portal\/wp-json\/wp\/v2\/posts"}],"about":[{"href":"https:\/\/amanecerhuasteco.com\/portal\/wp-json\/wp\/v2\/types\/post"}],"author":[{"embeddable":true,"href":"https:\/\/amanecerhuasteco.com\/portal\/wp-json\/wp\/v2\/users\/1"}],"replies":[{"embeddable":true,"href":"https:\/\/amanecerhuasteco.com\/portal\/wp-json\/wp\/v2\/comments?post=3091"}],"version-history":[{"count":0,"href":"https:\/\/amanecerhuasteco.com\/portal\/wp-json\/wp\/v2\/posts\/3091\/revisions"}],"wp:featuredmedia":[{"embeddable":true,"href":"https:\/\/amanecerhuasteco.com\/portal\/wp-json\/wp\/v2\/media\/17874"}],"wp:attachment":[{"href":"https:\/\/amanecerhuasteco.com\/portal\/wp-json\/wp\/v2\/media?parent=3091"}],"wp:term":[{"taxonomy":"category","embeddable":true,"href":"https:\/\/amanecerhuasteco.com\/portal\/wp-json\/wp\/v2\/categories?post=3091"},{"taxonomy":"post_tag","embeddable":true,"href":"https:\/\/amanecerhuasteco.com\/portal\/wp-json\/wp\/v2\/tags?post=3091"}],"curies":[{"name":"wp","href":"https:\/\/api.w.org\/{rel}","templated":true}]}}