{"id":3095,"date":"2013-03-07T23:17:10","date_gmt":"2013-03-08T05:17:10","guid":{"rendered":"http:\/\/amanecerhuasteco.com\/portal\/2013\/03\/07\/planteles-educativos-agradecen-apoyo-al-alcalde-juan-jose-ortiz\/"},"modified":"2013-03-07T23:17:10","modified_gmt":"2013-03-08T05:17:10","slug":"planteles-educativos-agradecen-apoyo-al-alcalde-juan-jose-ortiz","status":"publish","type":"post","link":"https:\/\/amanecerhuasteco.com\/portal\/planteles-educativos-agradecen-apoyo-al-alcalde-juan-jose-ortiz\/","title":{"rendered":"PLANTELES EDUCATIVOS  AGRADECEN APOYO AL ALCALDE JUAN JOS\u00c8 ORTIZ"},"content":{"rendered":"<div style=\"text-align: justify\"><strong><span style=\"line-height: 1.3em\">&#8211;\u00a0<\/span><span style=\"line-height: 1.3em\">Mediante un reconocimiento que entregaron al Presidente<\/span><\/strong><\/div>\n<div style=\"text-align: justify\"><span style=\"line-height: 1.3em\">Ciudad Valles 7\/3\/13.- Padres de familia y maestros de la Escuela Primaria \u00a8Club 20-30\u00a8, de la Colonia San Rafael, manifestaron \u00a0un amplio agradecimiento \u00a0al Gobierno Municipal, que preside el Alcalde Juan Jos\u00e9 Ortiz Azuara, por el apoyo recibido al \u00a0haber otorgado un cheque que cubrir\u00eda la compra de los materiales para el acondicionamiento de una aula provisional.<\/span><\/div>\n<div style=\"text-align: justify\">La Sra. Mar\u00eda Guadalupe Blanco Guti\u00e9rrez, presidenta de la Asociaci\u00f3n de Padres de Familia de la mencionada escuela entreg\u00f3 al Lic. Ortiz Azuara un reconocimiento por el apoyo brindado a esta instituci\u00f3n educativa.<\/div>\n<div style=\"text-align: justify\">De la misma manera, mediante un reconocimiento que le fue entregado al jefe de la comuna vallense, la Telesecundaria \u00a8Aquiles Serd\u00e1n\u00a8, del \u00a0Barrio de Guadalupe, Anexo al Ejido La Subida; agradeci\u00f3 el Rotoplas y el equipo deportivo que facilit\u00f3 a la escuela y que fue recibido por la Profra. Lucia Esperanza Delgado Duarte, Directora del Plantel Educativo.<\/div>\n<div style=\"text-align: justify\">Agregan que con este tipo de acciones los alumnos se benefician a favor de la educaci\u00f3n \u00a0 lo que facilita el proceso de ense\u00f1anza, en beneficio de la comunidad y un complemento de la formaci\u00f3n diaria de los j\u00f3venes.<\/div>\n","protected":false},"excerpt":{"rendered":"<p>&#8211;\u00a0Mediante un reconocimiento que entregaron al Presidente Ciudad Valles 7\/3\/13.- Padres de familia y maestros de la Escuela Primaria \u00a8Club 20-30\u00a8, de la Colonia San Rafael, manifestaron \u00a0un amplio agradecimiento \u00a0al Gobierno Municipal, que preside el Alcalde Juan Jos\u00e9 Ortiz Azuara, por el apoyo recibido &hellip; <\/p>\n","protected":false},"author":1,"featured_media":17874,"comment_status":"open","ping_status":"open","sticky":false,"template":"","format":"standard","meta":{"footnotes":""},"categories":[7],"tags":[],"class_list":["post-3095","post","type-post","status-publish","format-standard","has-post-thumbnail","hentry","category-ciudad"],"_links":{"self":[{"href":"https:\/\/amanecerhuasteco.com\/portal\/wp-json\/wp\/v2\/posts\/3095","targetHints":{"allow":["GET"]}}],"collection":[{"href":"https:\/\/amanecerhuasteco.com\/portal\/wp-json\/wp\/v2\/posts"}],"about":[{"href":"https:\/\/amanecerhuasteco.com\/portal\/wp-json\/wp\/v2\/types\/post"}],"author":[{"embeddable":true,"href":"https:\/\/amanecerhuasteco.com\/portal\/wp-json\/wp\/v2\/users\/1"}],"replies":[{"embeddable":true,"href":"https:\/\/amanecerhuasteco.com\/portal\/wp-json\/wp\/v2\/comments?post=3095"}],"version-history":[{"count":0,"href":"https:\/\/amanecerhuasteco.com\/portal\/wp-json\/wp\/v2\/posts\/3095\/revisions"}],"wp:featuredmedia":[{"embeddable":true,"href":"https:\/\/amanecerhuasteco.com\/portal\/wp-json\/wp\/v2\/media\/17874"}],"wp:attachment":[{"href":"https:\/\/amanecerhuasteco.com\/portal\/wp-json\/wp\/v2\/media?parent=3095"}],"wp:term":[{"taxonomy":"category","embeddable":true,"href":"https:\/\/amanecerhuasteco.com\/portal\/wp-json\/wp\/v2\/categories?post=3095"},{"taxonomy":"post_tag","embeddable":true,"href":"https:\/\/amanecerhuasteco.com\/portal\/wp-json\/wp\/v2\/tags?post=3095"}],"curies":[{"name":"wp","href":"https:\/\/api.w.org\/{rel}","templated":true}]}}