{"id":3113,"date":"2013-03-08T15:38:13","date_gmt":"2013-03-08T21:38:13","guid":{"rendered":"http:\/\/amanecerhuasteco.com\/portal\/2013\/03\/08\/asamblea-ganadera-de-tamuin-fuera-de-la-ley\/"},"modified":"2013-03-08T15:38:13","modified_gmt":"2013-03-08T21:38:13","slug":"asamblea-ganadera-de-tamuin-fuera-de-la-ley","status":"publish","type":"post","link":"https:\/\/amanecerhuasteco.com\/portal\/asamblea-ganadera-de-tamuin-fuera-de-la-ley\/","title":{"rendered":"ASAMBLEA GANADERA DE TAMUIN FUERA DE LA LEY"},"content":{"rendered":"<div align=\"justify\"><strong>-Ramiro Galero y Roberto Nales fueron electos sin ser socios ganaderos<br \/>-La ley establece que el 28 de febrero es \u00faltimo d\u00eda para celebrar la asamblea<br \/><\/strong>Tamuin S.L.P. 8\/3\/13.- Socios de la Asociaci\u00f3n Ganadera Local de Tamuin, denunciaron ante este medio informativo que como ya es costumbre en esta agrupaci\u00f3n ante la indeferencia de SAGARPA, SEDARH y la propia Uni\u00f3n Ganadera Regional de la Huasteca Potosina, la asamblea anual se har\u00e1 violentando la ley.<br \/>\u00a0\u00a0\u00a0 Los quejosos quienes pidieron el anonimato por temor a represalias en su contra, explicaron que el \u00faltimo d\u00eda para hacer asamblea de la Asociaci\u00f3n Ganadera Local de Tamuin fue el pasado 28 de febrero, por lo que el consejo directivo contin\u00faa incurriendo en la ilegalidad sin que nadie lo recrimine.<br \/>\u00a0\u00a0\u00a0\u00a0 No publicaron en tiempo y forma en peri\u00f3dico local fecha de asamblea, los socios ganaderos no saben la fecha de la asamblea\u00a0 y quedan en un \u201cestado de indefensi\u00f3n\u201d, adem\u00e1s la ley exige que se entregue la informaci\u00f3n financiera 10 d\u00edas h\u00e1biles antes de la Asamblea General a todos los socios ganaderos<br \/>\u00a0\u00a0\u00a0\u00a0\u00a0 Y de acuerdo a informaci\u00f3n surgida recientemente el actual presidente de la Ganadera, Jos\u00e9 Luis Ramiro Galero no pod\u00eda participar en el proceso de elecci\u00f3n donde resulto electo por el simple hecho de que no era socio y solo pertenec\u00eda a un grupo social, mientras que el ahora tesorero\u00a0 Roberto Nales, no pod\u00eda ser elegido porque apenas en esa asamblea hab\u00eda sido aceptado como socio,\u00a0 y para participar en una elecci\u00f3n ten\u00eda que tener 2 a\u00f1os de ser socio, y el \u00fanico que cumpl\u00eda lo marca la ley es el ahora Secretario, Ernesto M\u00e1rquez Torres.<\/p>\n<p>NO PUDIERAN REGISTRARSE EN EL REGISTRO NACIONAL AGROPECUARIO Y SOLO LO HICIERON EN REGISTRO PUBLICO DE LA PROPIEDAD<\/p>\n<p>\u00a0\u00a0\u00a0\u00a0 Por otra parte Jos\u00e9 Luis Ramiro Galero y sus compinches no han sido registrados en el Registro Nacional Agropecuario, pero para poder ostentarse como directivos ganaderos solo lo hicieron en el registro publico de la propiedad. <br \/>\u00a0\u00a0 Los quejosos, lamentaron que \u00c1ngel de la Vega Pineda, presidente de la UGRHP act\u00fae con irresponsabilidad ante lo que pasa en la Asociaci\u00f3n Ganadera Local de Tamuin ya que estas acciones han llevado a la agrupaci\u00f3n a la debacle y a punto de desaparecer.<br \/>\u00a0\u00a0\u00a0 Existe adem\u00e1s \u201cirresponsabilidad\u201d del Secretario de Agricultura del Estado, H\u00e9ctor Rodr\u00edguez Castro, quien siguen concediendo patente de movimiento cuando hay personas que act\u00faan al margen de la ley al igual que los funcionarios de SAGARPA.<br \/>\u00a0\u00a0 Por \u00faltimo acusaron a Jos\u00e9 Luis Ramiro Galero, de proteger a directivos de anteriores consejos, ya que por su propia boca dijo que faltaban 7 millones de pesos que desaparecieron en las administraciones de Enrique Arizabalo y Marco Leopoldo Rivera, entre otros, que hasta el momento los socios no han recibido informaci\u00f3n del manejo financiero.<br \/>\u00a0\u00a0\u00a0\u00a0 Destacaron que el cr\u00e9dito otorgado por\u00a0 la \u201cEmpresa Globo Rural\u201d para\u00a0 integrantes de la anterior mesa directiva, se desconoce datos precisos y\u00a0 Ramiro Galero tiene 2 a\u00f1os al frente de la AGLT y ahora dice que no le informaron de nada, por lo que lo hace \u201cdelincuente\u201d igual que sus ahora acusados simplemente por la \u201comisi\u00f3n\u201d en que incurri\u00f3,\u00a0 ya que hasta el momento no ha informado a los socios de la situaci\u00f3n econ\u00f3mica de la ganadera de Tamuin.<\/div>\n","protected":false},"excerpt":{"rendered":"<p>-Ramiro Galero y Roberto Nales fueron electos sin ser socios ganaderos-La ley establece que el 28 de febrero es \u00faltimo d\u00eda para celebrar la asambleaTamuin S.L.P. 8\/3\/13.- Socios de la Asociaci\u00f3n Ganadera Local de Tamuin, denunciaron ante este medio informativo que como ya es costumbre &hellip; <\/p>\n","protected":false},"author":1,"featured_media":3112,"comment_status":"open","ping_status":"open","sticky":false,"template":"","format":"standard","meta":{"footnotes":""},"categories":[4],"tags":[],"class_list":["post-3113","post","type-post","status-publish","format-standard","has-post-thumbnail","hentry","category-inicio"],"_links":{"self":[{"href":"https:\/\/amanecerhuasteco.com\/portal\/wp-json\/wp\/v2\/posts\/3113","targetHints":{"allow":["GET"]}}],"collection":[{"href":"https:\/\/amanecerhuasteco.com\/portal\/wp-json\/wp\/v2\/posts"}],"about":[{"href":"https:\/\/amanecerhuasteco.com\/portal\/wp-json\/wp\/v2\/types\/post"}],"author":[{"embeddable":true,"href":"https:\/\/amanecerhuasteco.com\/portal\/wp-json\/wp\/v2\/users\/1"}],"replies":[{"embeddable":true,"href":"https:\/\/amanecerhuasteco.com\/portal\/wp-json\/wp\/v2\/comments?post=3113"}],"version-history":[{"count":0,"href":"https:\/\/amanecerhuasteco.com\/portal\/wp-json\/wp\/v2\/posts\/3113\/revisions"}],"wp:featuredmedia":[{"embeddable":true,"href":"https:\/\/amanecerhuasteco.com\/portal\/wp-json\/wp\/v2\/media\/3112"}],"wp:attachment":[{"href":"https:\/\/amanecerhuasteco.com\/portal\/wp-json\/wp\/v2\/media?parent=3113"}],"wp:term":[{"taxonomy":"category","embeddable":true,"href":"https:\/\/amanecerhuasteco.com\/portal\/wp-json\/wp\/v2\/categories?post=3113"},{"taxonomy":"post_tag","embeddable":true,"href":"https:\/\/amanecerhuasteco.com\/portal\/wp-json\/wp\/v2\/tags?post=3113"}],"curies":[{"name":"wp","href":"https:\/\/api.w.org\/{rel}","templated":true}]}}