{"id":3119,"date":"2013-03-08T17:12:46","date_gmt":"2013-03-08T23:12:46","guid":{"rendered":"http:\/\/amanecerhuasteco.com\/portal\/2013\/03\/08\/por-gordos-o-flacos-termoelectricas-niegan-empleos-a-tamuinenses\/"},"modified":"2013-03-08T17:12:46","modified_gmt":"2013-03-08T23:12:46","slug":"por-gordos-o-flacos-termoelectricas-niegan-empleos-a-tamuinenses","status":"publish","type":"post","link":"https:\/\/amanecerhuasteco.com\/portal\/por-gordos-o-flacos-termoelectricas-niegan-empleos-a-tamuinenses\/","title":{"rendered":"POR GORDOS O FLACOS TERMOELECTRICAS  NIEGAN EMPLEOS A TAMUINENSES"},"content":{"rendered":"<div align=\"justify\"><strong>&#8211; Ni empleos ni electricidad barata generan para Tamuin las termoel\u00e9ctricas solo contaminaci\u00f3n<br \/><\/strong>Tamuin S.L.P. 8\/3\/13.- Habitantes de ejidos de este municipio acusan a las Termoel\u00e9ctricas del Golfo y Pe\u00f1oles de negarles empleo bajo el argumento de que est\u00e1n \u201cgordos o flacos\u201d.<br \/>\u00a0\u00a0\u00a0\u00a0 Pedro Resendiz,\u00a0 Ernesto Hern\u00e1ndez, Luis P\u00e9rez entre otros denunciaron ante Amanecer Huasteco, que las plantas termoel\u00e9ctricas no contratan a gentes del municipio de Tamuin y traen personas de otros lugares.<br \/>\u00a0\u00a0\u00a0\u00a0 Sin embargo\u00a0 para hacer creer que contratan gente de Tamuin reciben la solicitud de empleo, piden la papeler\u00eda como carta de no antecedentes, copias de credencia de elector, actas de nacimiento, fotos tama\u00f1o infantil a color recientes, acuden a la cita, pero finalmente se les niega el trabajo.<br \/>\u00a0\u00a0\u00a0\u00a0 Explicaron que solo los hacen gastar y no los contratan, un acta de no antecedentes penales cuesta $74, fotograf\u00edas $60 y pasaje de autob\u00fas $30, pero finalmente les niegan el empleo bajo el argumento de que est\u00e1n gordos o est\u00e1n flacos, lo cual consideraron\u00a0 una excusa muy infantil.<br \/>\u00a0\u00a0\u00a0\u00a0\u00a0 Se\u00f1alaron que denunciaron los hechos p\u00fablicamente para advertir a la ciudadan\u00eda de Tamuin y no gaste para solicitar empleo en las termoel\u00e9ctricas porque al final no los contratan.<br \/>\u00a0\u00a0\u00a0 Puntualizaron que lamentablemente las termoel\u00e9ctricas instaladas en Tamuin no trajeron beneficio alguno ya que ni genera empleo, ni las tarifas de luz bajaron y solo se genera contaminaci\u00f3n del medio ambiente.<\/div>\n","protected":false},"excerpt":{"rendered":"<p>&#8211; Ni empleos ni electricidad barata generan para Tamuin las termoel\u00e9ctricas solo contaminaci\u00f3nTamuin S.L.P. 8\/3\/13.- Habitantes de ejidos de este municipio acusan a las Termoel\u00e9ctricas del Golfo y Pe\u00f1oles de negarles empleo bajo el argumento de que est\u00e1n \u201cgordos o flacos\u201d.\u00a0\u00a0\u00a0\u00a0 Pedro Resendiz,\u00a0 Ernesto Hern\u00e1ndez, &hellip; <\/p>\n","protected":false},"author":1,"featured_media":3118,"comment_status":"open","ping_status":"open","sticky":false,"template":"","format":"standard","meta":{"footnotes":""},"categories":[4],"tags":[],"class_list":["post-3119","post","type-post","status-publish","format-standard","has-post-thumbnail","hentry","category-inicio"],"_links":{"self":[{"href":"https:\/\/amanecerhuasteco.com\/portal\/wp-json\/wp\/v2\/posts\/3119","targetHints":{"allow":["GET"]}}],"collection":[{"href":"https:\/\/amanecerhuasteco.com\/portal\/wp-json\/wp\/v2\/posts"}],"about":[{"href":"https:\/\/amanecerhuasteco.com\/portal\/wp-json\/wp\/v2\/types\/post"}],"author":[{"embeddable":true,"href":"https:\/\/amanecerhuasteco.com\/portal\/wp-json\/wp\/v2\/users\/1"}],"replies":[{"embeddable":true,"href":"https:\/\/amanecerhuasteco.com\/portal\/wp-json\/wp\/v2\/comments?post=3119"}],"version-history":[{"count":0,"href":"https:\/\/amanecerhuasteco.com\/portal\/wp-json\/wp\/v2\/posts\/3119\/revisions"}],"wp:featuredmedia":[{"embeddable":true,"href":"https:\/\/amanecerhuasteco.com\/portal\/wp-json\/wp\/v2\/media\/3118"}],"wp:attachment":[{"href":"https:\/\/amanecerhuasteco.com\/portal\/wp-json\/wp\/v2\/media?parent=3119"}],"wp:term":[{"taxonomy":"category","embeddable":true,"href":"https:\/\/amanecerhuasteco.com\/portal\/wp-json\/wp\/v2\/categories?post=3119"},{"taxonomy":"post_tag","embeddable":true,"href":"https:\/\/amanecerhuasteco.com\/portal\/wp-json\/wp\/v2\/tags?post=3119"}],"curies":[{"name":"wp","href":"https:\/\/api.w.org\/{rel}","templated":true}]}}