{"id":31220,"date":"2018-12-13T17:55:20","date_gmt":"2018-12-13T23:55:20","guid":{"rendered":"http:\/\/amanecerhuasteco.com\/portal\/?p=31220"},"modified":"2018-12-13T17:55:20","modified_gmt":"2018-12-13T23:55:20","slug":"grecia-sanchez-visita-las-comunidades-de-venustiano-carranza-y-el-carrizo-para-escuchar-sus-necesidades","status":"publish","type":"post","link":"https:\/\/amanecerhuasteco.com\/portal\/grecia-sanchez-visita-las-comunidades-de-venustiano-carranza-y-el-carrizo-para-escuchar-sus-necesidades\/","title":{"rendered":"Grecia S\u00e1nchez, visita las comunidades de Venustiano Carranza y el Carrizo para escuchar sus necesidades."},"content":{"rendered":"<p><img decoding=\"async\" class=\"aligncenter size-full wp-image-31222\" src=\"https:\/\/amanecerhuasteco.com\/portal\/wp-content\/uploads\/2018\/12\/14-12-18-peluquero.jpg\" alt=\"\" width=\"708\" height=\"593\" \/>Tamu\u00edn.- Continuando con el programa Mi\u00e9rcoles Ciudadano, la Presidenta Municipal Grecia Esmeralda S\u00e1nchez Gonz\u00e1lez,\u00a0 \u00a0realiz\u00f3 la visita a las comunidades Venustiano Carranza y Carrizo donde se escuch\u00f3 de viva voz de los ciudadanos las necesidades que les aquejan.<\/p>\n<p>La Alcaldesa, fue acompa\u00f1ada de diferentes titulares de \u00a0Educaci\u00f3n, Coordinaci\u00f3n de Salud, Deporte, Rastro, Desarrollo Rural, Codesol, Registro Civil, Protecci\u00f3n Civil, Catastro e IMM entre otros.<\/p>\n<p>En su mensaje dijo que \u00a0de esta manera se mantiene un acercamiento m\u00e1s a los ciudadanos de todas las comunidades, ahorrando\u00a0 tiempo y recursos al acudir a sus comunidades a escucharlos llevando los diferentes departamentos municipales, \u00a0al traerles de \u00a0manera directa, cada una de las principales direcciones y departamentos de la presidencia municipal.<\/p>\n<p>Cabe se\u00f1alar que a trav\u00e9s del DIF, se ofrecieron consultas m\u00e9dicas, cortes de pelo entre otros servicios gratis y se recogieron las necesidades m\u00e1s apremiantes de esas comunidades rurales.<\/p>\n<p>&nbsp;<\/p>\n<p>&nbsp;<\/p>\n<p>&#8212;<\/p>\n","protected":false},"excerpt":{"rendered":"<p>Tamu\u00edn.- Continuando con el programa Mi\u00e9rcoles Ciudadano, la Presidenta Municipal Grecia Esmeralda S\u00e1nchez Gonz\u00e1lez,\u00a0 \u00a0realiz\u00f3 la visita a las comunidades Venustiano Carranza y Carrizo donde se escuch\u00f3 de viva voz de los ciudadanos las necesidades que les aquejan. La Alcaldesa, fue acompa\u00f1ada de diferentes titulares &hellip; <\/p>\n","protected":false},"author":1,"featured_media":31221,"comment_status":"open","ping_status":"open","sticky":false,"template":"","format":"standard","meta":{"footnotes":""},"categories":[7,11,4,5,20],"tags":[],"class_list":["post-31220","post","type-post","status-publish","format-standard","has-post-thumbnail","hentry","category-ciudad","category-estado","category-inicio","category-politica","category-tamuin"],"_links":{"self":[{"href":"https:\/\/amanecerhuasteco.com\/portal\/wp-json\/wp\/v2\/posts\/31220","targetHints":{"allow":["GET"]}}],"collection":[{"href":"https:\/\/amanecerhuasteco.com\/portal\/wp-json\/wp\/v2\/posts"}],"about":[{"href":"https:\/\/amanecerhuasteco.com\/portal\/wp-json\/wp\/v2\/types\/post"}],"author":[{"embeddable":true,"href":"https:\/\/amanecerhuasteco.com\/portal\/wp-json\/wp\/v2\/users\/1"}],"replies":[{"embeddable":true,"href":"https:\/\/amanecerhuasteco.com\/portal\/wp-json\/wp\/v2\/comments?post=31220"}],"version-history":[{"count":2,"href":"https:\/\/amanecerhuasteco.com\/portal\/wp-json\/wp\/v2\/posts\/31220\/revisions"}],"predecessor-version":[{"id":31224,"href":"https:\/\/amanecerhuasteco.com\/portal\/wp-json\/wp\/v2\/posts\/31220\/revisions\/31224"}],"wp:featuredmedia":[{"embeddable":true,"href":"https:\/\/amanecerhuasteco.com\/portal\/wp-json\/wp\/v2\/media\/31221"}],"wp:attachment":[{"href":"https:\/\/amanecerhuasteco.com\/portal\/wp-json\/wp\/v2\/media?parent=31220"}],"wp:term":[{"taxonomy":"category","embeddable":true,"href":"https:\/\/amanecerhuasteco.com\/portal\/wp-json\/wp\/v2\/categories?post=31220"},{"taxonomy":"post_tag","embeddable":true,"href":"https:\/\/amanecerhuasteco.com\/portal\/wp-json\/wp\/v2\/tags?post=31220"}],"curies":[{"name":"wp","href":"https:\/\/api.w.org\/{rel}","templated":true}]}}