{"id":31240,"date":"2018-12-15T08:21:16","date_gmt":"2018-12-15T14:21:16","guid":{"rendered":"http:\/\/amanecerhuasteco.com\/portal\/?p=31240"},"modified":"2018-12-15T08:21:16","modified_gmt":"2018-12-15T14:21:16","slug":"entre-el-20-o-21-de-diciembre-se-abrira-la-carretera-libre-valles-tamuin-grecia-sanchez","status":"publish","type":"post","link":"https:\/\/amanecerhuasteco.com\/portal\/entre-el-20-o-21-de-diciembre-se-abrira-la-carretera-libre-valles-tamuin-grecia-sanchez\/","title":{"rendered":"Entre el 20 o 21 de diciembre se abrir\u00e1 la carretera libre Valles-Tamu\u00edn: Grecia S\u00e1nchez"},"content":{"rendered":"<p><img decoding=\"async\" class=\"aligncenter size-full wp-image-31242\" src=\"https:\/\/amanecerhuasteco.com\/portal\/wp-content\/uploads\/2018\/12\/15-12-18-collage-puente-tamuin.jpg\" alt=\"\" width=\"1200\" height=\"396\" \/><\/p>\n<p>-Solo tr\u00e1fico ligero<\/p>\n<p>Tamu\u00edn.- De acuerdo a informaci\u00f3n dada a conocer por la Presidenta Municipal, Grecia S\u00e1nchez Gonz\u00e1lez, ser\u00e1 entre el 20 o 21 de diciembre cuando sea reabierta la carretera libre Valles-Tamu\u00edn luego de meses que hab\u00eda sido cerrada por da\u00f1os en la estructura del Puente R\u00edo Florido.<\/p>\n<p>En entrevista, la alcaldesa, dijo que el pasado 13 de diciembre, realizo una supervisi\u00f3n de los trabajos de rehabilitaci\u00f3n que se realizan el Puente R\u00edo Florido, donde fue acompa\u00f1ada por el encargado de la obra Luis Garc\u00eda de la compa\u00f1\u00eda \u201cSantos Chizum\u201d quien en sus propias palabras dijo que se podr\u00e1 abrir la circulaci\u00f3n vehicular entre el 20 y el 21 de diciembre.<\/p>\n<p>Aclaro que la apertura a la circulaci\u00f3n se le solicit\u00f3 lo antes posible, ya que hay quejas de ciudadanos y comerciantes del municipio de Tamu\u00edn que han sufrido p\u00e9rdidas por la falta de paso en la carretera libre Valles-Tamu\u00edn.<\/p>\n<p>S\u00e1nchez Gonz\u00e1lez, destac\u00f3 que seg\u00fan el informe \u00a0el Ingeniero encargado de la obra ser\u00e1 entre el 20 y 21 de diciembre la apertura a la circulaci\u00f3n , pero no para \u201ctr\u00e1fico pesado\u201d\u00a0 ya que a\u00fan detalles por concluir.<\/p>\n<p>&#8212;<\/p>\n","protected":false},"excerpt":{"rendered":"<p>-Solo tr\u00e1fico ligero Tamu\u00edn.- De acuerdo a informaci\u00f3n dada a conocer por la Presidenta Municipal, Grecia S\u00e1nchez Gonz\u00e1lez, ser\u00e1 entre el 20 o 21 de diciembre cuando sea reabierta la carretera libre Valles-Tamu\u00edn luego de meses que hab\u00eda sido cerrada por da\u00f1os en la estructura &hellip; <\/p>\n","protected":false},"author":1,"featured_media":31241,"comment_status":"open","ping_status":"open","sticky":false,"template":"","format":"standard","meta":{"footnotes":""},"categories":[7,11,4,12,5,20],"tags":[],"class_list":["post-31240","post","type-post","status-publish","format-standard","has-post-thumbnail","hentry","category-ciudad","category-estado","category-inicio","category-nacional","category-politica","category-tamuin"],"_links":{"self":[{"href":"https:\/\/amanecerhuasteco.com\/portal\/wp-json\/wp\/v2\/posts\/31240","targetHints":{"allow":["GET"]}}],"collection":[{"href":"https:\/\/amanecerhuasteco.com\/portal\/wp-json\/wp\/v2\/posts"}],"about":[{"href":"https:\/\/amanecerhuasteco.com\/portal\/wp-json\/wp\/v2\/types\/post"}],"author":[{"embeddable":true,"href":"https:\/\/amanecerhuasteco.com\/portal\/wp-json\/wp\/v2\/users\/1"}],"replies":[{"embeddable":true,"href":"https:\/\/amanecerhuasteco.com\/portal\/wp-json\/wp\/v2\/comments?post=31240"}],"version-history":[{"count":2,"href":"https:\/\/amanecerhuasteco.com\/portal\/wp-json\/wp\/v2\/posts\/31240\/revisions"}],"predecessor-version":[{"id":31244,"href":"https:\/\/amanecerhuasteco.com\/portal\/wp-json\/wp\/v2\/posts\/31240\/revisions\/31244"}],"wp:featuredmedia":[{"embeddable":true,"href":"https:\/\/amanecerhuasteco.com\/portal\/wp-json\/wp\/v2\/media\/31241"}],"wp:attachment":[{"href":"https:\/\/amanecerhuasteco.com\/portal\/wp-json\/wp\/v2\/media?parent=31240"}],"wp:term":[{"taxonomy":"category","embeddable":true,"href":"https:\/\/amanecerhuasteco.com\/portal\/wp-json\/wp\/v2\/categories?post=31240"},{"taxonomy":"post_tag","embeddable":true,"href":"https:\/\/amanecerhuasteco.com\/portal\/wp-json\/wp\/v2\/tags?post=31240"}],"curies":[{"name":"wp","href":"https:\/\/api.w.org\/{rel}","templated":true}]}}