{"id":32450,"date":"2019-01-30T09:44:53","date_gmt":"2019-01-30T15:44:53","guid":{"rendered":"http:\/\/amanecerhuasteco.com\/portal\/?p=32450"},"modified":"2019-01-30T09:44:53","modified_gmt":"2019-01-30T15:44:53","slug":"fgr-en-san-luis-potosi-lleva-a-cabo-conversatorio","status":"publish","type":"post","link":"https:\/\/amanecerhuasteco.com\/portal\/fgr-en-san-luis-potosi-lleva-a-cabo-conversatorio\/","title":{"rendered":"FGR \u00a0en San Luis Potos\u00ed lleva a cabo conversatorio  \u00a0"},"content":{"rendered":"<p>San Luis Potos\u00ed.- La Fiscal\u00eda General de la Rep\u00fablica ( FGR ), por conducto de su representaci\u00f3n en San Luis Potos\u00ed, realiz\u00f3 un Taller Te\u00f3rico-Pr\u00e1ctico \u201cPrimer Respondiente, Cadena de Custodia y Derechos Humanos\u201d.<\/p>\n<p>La \u00a0capacitaci\u00f3n estuvo dirigida a los elementos de la Secretar\u00eda de la Defensa Nacional, Polic\u00eda Federal, personal de la Fiscal\u00eda General de Justicia del Estado, de la Secretar\u00eda de Seguridad P\u00fablica del Estado y polic\u00edas municipales de los Ayuntamientos de Ahualulco, Moctezuma, Villa de Arista y Mexquitic de Carmona, con el objetivo de presentar mejores resultados,\u00a0 ante los \u00f3rganos jurisdiccionales y que los agentes del Ministerio Publico \u00a0cuenten con las herramientas necesarias para actuar conforme a sus atribuciones.<\/p>\n<p>El evento fue presidido por Rodolfo Hernandez Lim\u00f3n, funcionario p\u00fablico de la instituci\u00f3n, el C. Federico Monsiv\u00e1is Rojas, Presidente Municipal de Ahualulco, contando con la participaci\u00f3n del Director de Educaci\u00f3n Capacitaci\u00f3n y Estudios Superiores en Derechos Humanos de la Comisi\u00f3n Estatal de Derechos Humanos, \u00a0Sergio Montoya Sierra, la \u00a0Fiscal en Jefe de la Unidad de Investigaci\u00f3n y Litigaci\u00f3n de la Fiscal\u00eda General de la Rep\u00fablica, Cristina Isela Garc\u00eda Arguelles y\u00a0 Maria del Rosario Carmona Avelda\u00f1o, Suboficial de la Polic\u00eda Federal Ministerial, as\u00ed como representantes de los municipios de Moctezuma, Villa de Arista y Mexquitic de Carmona.<\/p>\n<p>El Maestro Sergio Montoya Sierra, expuso el tema de \u201cDerechos Humanos\u201d, Cristina Isela Garc\u00eda Arguelles, hizo una exposici\u00f3n sobre los temas de Primer Respondiente, comprendiendo Actos de Molestia y Niveles de Contacto, as\u00ed como Hechos con Apariencia de Delito e Inmediatez en la Puesta a Disposici\u00f3n, y la intervenci\u00f3n de Maria del Rosario Carmona Avelda\u00f1o, Suboficial de la Polic\u00eda Federal Ministerial, fue sobre el tema de \u201cCadena de Custodia\u201d<\/p>\n<p>Gracias a la coordinaci\u00f3n interinstitucional entre la representaci\u00f3n federal y las diferentes autoridades participantes, los trabajos de capacitaci\u00f3n y profesionalizaci\u00f3n se\u00f1alados, permitir\u00e1n hacer frente a la actividad delictiva que se registra en el estado de manera m\u00e1s eficiente en la procuraci\u00f3n de justicia.<\/p>\n<p><strong>\u00a0<\/strong><\/p>\n<p>oOo<\/p>\n","protected":false},"excerpt":{"rendered":"<p>San Luis Potos\u00ed.- La Fiscal\u00eda General de la Rep\u00fablica ( FGR ), por conducto de su representaci\u00f3n en San Luis Potos\u00ed, realiz\u00f3 un Taller Te\u00f3rico-Pr\u00e1ctico \u201cPrimer Respondiente, Cadena de Custodia y Derechos Humanos\u201d. La \u00a0capacitaci\u00f3n estuvo dirigida a los elementos de la Secretar\u00eda de la &hellip; <\/p>\n","protected":false},"author":1,"featured_media":32451,"comment_status":"open","ping_status":"open","sticky":false,"template":"","format":"standard","meta":{"footnotes":""},"categories":[7,11,4,12,19,5],"tags":[],"class_list":["post-32450","post","type-post","status-publish","format-standard","has-post-thumbnail","hentry","category-ciudad","category-estado","category-inicio","category-nacional","category-policia","category-politica"],"_links":{"self":[{"href":"https:\/\/amanecerhuasteco.com\/portal\/wp-json\/wp\/v2\/posts\/32450","targetHints":{"allow":["GET"]}}],"collection":[{"href":"https:\/\/amanecerhuasteco.com\/portal\/wp-json\/wp\/v2\/posts"}],"about":[{"href":"https:\/\/amanecerhuasteco.com\/portal\/wp-json\/wp\/v2\/types\/post"}],"author":[{"embeddable":true,"href":"https:\/\/amanecerhuasteco.com\/portal\/wp-json\/wp\/v2\/users\/1"}],"replies":[{"embeddable":true,"href":"https:\/\/amanecerhuasteco.com\/portal\/wp-json\/wp\/v2\/comments?post=32450"}],"version-history":[{"count":2,"href":"https:\/\/amanecerhuasteco.com\/portal\/wp-json\/wp\/v2\/posts\/32450\/revisions"}],"predecessor-version":[{"id":32453,"href":"https:\/\/amanecerhuasteco.com\/portal\/wp-json\/wp\/v2\/posts\/32450\/revisions\/32453"}],"wp:featuredmedia":[{"embeddable":true,"href":"https:\/\/amanecerhuasteco.com\/portal\/wp-json\/wp\/v2\/media\/32451"}],"wp:attachment":[{"href":"https:\/\/amanecerhuasteco.com\/portal\/wp-json\/wp\/v2\/media?parent=32450"}],"wp:term":[{"taxonomy":"category","embeddable":true,"href":"https:\/\/amanecerhuasteco.com\/portal\/wp-json\/wp\/v2\/categories?post=32450"},{"taxonomy":"post_tag","embeddable":true,"href":"https:\/\/amanecerhuasteco.com\/portal\/wp-json\/wp\/v2\/tags?post=32450"}],"curies":[{"name":"wp","href":"https:\/\/api.w.org\/{rel}","templated":true}]}}