{"id":32454,"date":"2019-01-30T12:21:56","date_gmt":"2019-01-30T18:21:56","guid":{"rendered":"http:\/\/amanecerhuasteco.com\/portal\/?p=32454"},"modified":"2019-01-30T12:21:56","modified_gmt":"2019-01-30T18:21:56","slug":"atacan-a-balazos-a-titular-de-codesol-de-tancanhuitz","status":"publish","type":"post","link":"https:\/\/amanecerhuasteco.com\/portal\/atacan-a-balazos-a-titular-de-codesol-de-tancanhuitz\/","title":{"rendered":"Atacan a balazos a titular de CODESOL de Tancanhuitz."},"content":{"rendered":"<p><img decoding=\"async\" class=\"aligncenter size-full wp-image-32456\" src=\"https:\/\/amanecerhuasteco.com\/portal\/wp-content\/uploads\/2019\/01\/WaterMark_2019-01-30-12-16-16.jpg\" alt=\"\" width=\"581\" height=\"1032\" \/><br \/>\n\u2022 El coordinador de desarrollo social municipal, Alejandro Nales result\u00f3 ileso; uno de sus escoltas un polic\u00eda municipal est\u00e1 herido.<br \/>\nTancanhuitz, S.L.P.- Con saldo de un herido fue el resultado del atentado e<span style=\"font-size: 1rem;\">n contra del funcionario municipal Alejandro Nales titular de CODESOL.<\/span><\/p>\n<p>Hechos ocurridos en el<span style=\"font-size: 1rem;\">\u00a0exterior de su domicilio por la salida a Huehuetl\u00e1n, resultado ileso el funcionario, pero los disparos alcanzaron a lesionar a uno de sus escoltas, un polic\u00eda municipal.<\/span><\/p>\n<p>Los hechos aproximadamente a las ocho de la ma\u00f1ana de hoy en esta cabecera municipal por la calle que conduce a Huehuetl\u00e1n, sitio en donde quedaron varios casquillos percutidos.<br \/>\nSe informa que hombres armados que viajaban en un veh\u00edculo, dispararon en contra el domicilio del coordinador de desarrollo social, Alejandro Nales, estando en ese sitio en el exterior un polic\u00eda municipal resultando lesionado; el funcionario result\u00f3 ileso toda vez que se encontraba en el interior de su domicilio.<br \/>\nLos hombres que efectuaron los disparos se dieron a la fuga de inmediato; en tanto el herido \u2013del que no se ha informado el nombre- fue auxiliado y trasladado para su atenci\u00f3n m\u00e9dica al Hospital B\u00e1sico Comunitario del vecino municipio de Aquism\u00f3n, acudiendo al lugar elementos de varias corporaciones.<\/p>\n","protected":false},"excerpt":{"rendered":"<p>\u2022 El coordinador de desarrollo social municipal, Alejandro Nales result\u00f3 ileso; uno de sus escoltas un polic\u00eda municipal est\u00e1 herido. Tancanhuitz, S.L.P.- Con saldo de un herido fue el resultado del atentado en contra del funcionario municipal Alejandro Nales titular de CODESOL. Hechos ocurridos en &hellip; <\/p>\n","protected":false},"author":1,"featured_media":32455,"comment_status":"open","ping_status":"open","sticky":false,"template":"","format":"standard","meta":{"footnotes":""},"categories":[7,11,4,19,5],"tags":[],"class_list":["post-32454","post","type-post","status-publish","format-standard","has-post-thumbnail","hentry","category-ciudad","category-estado","category-inicio","category-policia","category-politica"],"_links":{"self":[{"href":"https:\/\/amanecerhuasteco.com\/portal\/wp-json\/wp\/v2\/posts\/32454","targetHints":{"allow":["GET"]}}],"collection":[{"href":"https:\/\/amanecerhuasteco.com\/portal\/wp-json\/wp\/v2\/posts"}],"about":[{"href":"https:\/\/amanecerhuasteco.com\/portal\/wp-json\/wp\/v2\/types\/post"}],"author":[{"embeddable":true,"href":"https:\/\/amanecerhuasteco.com\/portal\/wp-json\/wp\/v2\/users\/1"}],"replies":[{"embeddable":true,"href":"https:\/\/amanecerhuasteco.com\/portal\/wp-json\/wp\/v2\/comments?post=32454"}],"version-history":[{"count":1,"href":"https:\/\/amanecerhuasteco.com\/portal\/wp-json\/wp\/v2\/posts\/32454\/revisions"}],"predecessor-version":[{"id":32457,"href":"https:\/\/amanecerhuasteco.com\/portal\/wp-json\/wp\/v2\/posts\/32454\/revisions\/32457"}],"wp:featuredmedia":[{"embeddable":true,"href":"https:\/\/amanecerhuasteco.com\/portal\/wp-json\/wp\/v2\/media\/32455"}],"wp:attachment":[{"href":"https:\/\/amanecerhuasteco.com\/portal\/wp-json\/wp\/v2\/media?parent=32454"}],"wp:term":[{"taxonomy":"category","embeddable":true,"href":"https:\/\/amanecerhuasteco.com\/portal\/wp-json\/wp\/v2\/categories?post=32454"},{"taxonomy":"post_tag","embeddable":true,"href":"https:\/\/amanecerhuasteco.com\/portal\/wp-json\/wp\/v2\/tags?post=32454"}],"curies":[{"name":"wp","href":"https:\/\/api.w.org\/{rel}","templated":true}]}}