{"id":32458,"date":"2019-01-31T09:33:06","date_gmt":"2019-01-31T15:33:06","guid":{"rendered":"http:\/\/amanecerhuasteco.com\/portal\/?p=32458"},"modified":"2019-01-31T09:33:06","modified_gmt":"2019-01-31T15:33:06","slug":"fortalece-daniel-pedroza-profesionalizacion-de-servidores-publicos-de-la-sefin","status":"publish","type":"post","link":"https:\/\/amanecerhuasteco.com\/portal\/fortalece-daniel-pedroza-profesionalizacion-de-servidores-publicos-de-la-sefin\/","title":{"rendered":"Fortalece Daniel Pedroza profesionalizaci\u00f3n de servidores p\u00fablicos de la SEFIN"},"content":{"rendered":"<p>San Luis Potos\u00ed.- Con el objetivo de brindar herramientas para que las y los servidores p\u00fablicos de la administraci\u00f3n estatal, identifiquen y analicen los cambios m\u00e1s relevantes de la pol\u00edtica econ\u00f3mica federal, que permita optimizar la operatividad del manejo financiero y con ello brindar mejores servicios a la ciudadan\u00eda, se llev\u00f3 a cabo el Curso \u2013 Taller \u201cDisposiciones Fiscales y otros T\u00f3picos para 2019\u201d.<\/p>\n<p>Daniel Pedroza Gait\u00e1n Secretario de Finanzas de Gobierno del Estado, al inaugurar el evento, subray\u00f3 el compromiso, voluntad y vocaci\u00f3n de quienes laboran en la dependencia para asistir a este tipo de cursos, que permiten la profesionalizaci\u00f3n del servicio p\u00fablico, siendo este uno de los objetivos que se promueven dentro del Plan Estatal de Gobierno del Gobernador del Estado, Juan Manuel Carreras L\u00f3pez.<\/p>\n<p>El titular de la SEFIN inform\u00f3 que este es el primero de una serie de\u00a0 veinte cursos que se implementar\u00e1n durante el a\u00f1o bajo la tem\u00e1tica Fiscal, en donde participar\u00e1n trabajadores de las \u00e1reas de ingresos, fiscalizaci\u00f3n, recaudaci\u00f3n, jur\u00eddico, procuradur\u00eda fiscal y las direcciones generales.<\/p>\n<p>El curso dirigido a personal de la Secretar\u00eda de Finanzas, tuvo como exponentes al Lic. Iv\u00e1n Emmanuel Ch\u00e1vez Ponce, T\u00e9cnico Investigador dentro de la Direcci\u00f3n de Colaboraci\u00f3n Administrativa y Desarrollo Jur\u00eddico en el Instituto para el Desarrollo T\u00e9cnico de las Haciendas P\u00fablicas. As\u00ed como a la Lic. Nadia Leticia V\u00e1zquez Amaya, tambi\u00e9n integrante del INDETEC como T\u00e9cnico sobre temas relacionados\u00a0 con la administraci\u00f3n tributaria y funciones vinculadas al Convenio de Colaboraci\u00f3n Administrativa.<\/p>\n<p>&nbsp;<\/p>\n<p>En el Colegio de Contadores P\u00fablicos de San Luis, se realiz\u00f3 dicho evento en donde se abord\u00f3 la siguiente tem\u00e1tica:<\/p>\n<ul>\n<li>Aspectos Relevantes de los Criterios Generales de Pol\u00edtica Econ\u00f3mica.<\/li>\n<li>Ley de Ingresos de la Federaci\u00f3n<\/li>\n<li>Reformas al C\u00f3digo Fiscal de la Federaci\u00f3n<\/li>\n<li>Comprobantes Fiscales Digitales por Internet<\/li>\n<li>Est\u00edmulo Fiscal respecto ISR e IVA en la frontera Norte<\/li>\n<li>Acuerdo de delegaci\u00f3n de atribuciones SAT<\/li>\n<li>Iniciativa de Ley de Fomento a la Confianza Ciudadana.<\/li>\n<\/ul>\n<p><strong>\u00a0<\/strong><\/p>\n<p><strong>\u00a0<\/strong><\/p>\n","protected":false},"excerpt":{"rendered":"<p>San Luis Potos\u00ed.- Con el objetivo de brindar herramientas para que las y los servidores p\u00fablicos de la administraci\u00f3n estatal, identifiquen y analicen los cambios m\u00e1s relevantes de la pol\u00edtica econ\u00f3mica federal, que permita optimizar la operatividad del manejo financiero y con ello brindar mejores &hellip; <\/p>\n","protected":false},"author":1,"featured_media":32459,"comment_status":"open","ping_status":"open","sticky":false,"template":"","format":"standard","meta":{"footnotes":""},"categories":[7,11,4,5],"tags":[],"class_list":["post-32458","post","type-post","status-publish","format-standard","has-post-thumbnail","hentry","category-ciudad","category-estado","category-inicio","category-politica"],"_links":{"self":[{"href":"https:\/\/amanecerhuasteco.com\/portal\/wp-json\/wp\/v2\/posts\/32458","targetHints":{"allow":["GET"]}}],"collection":[{"href":"https:\/\/amanecerhuasteco.com\/portal\/wp-json\/wp\/v2\/posts"}],"about":[{"href":"https:\/\/amanecerhuasteco.com\/portal\/wp-json\/wp\/v2\/types\/post"}],"author":[{"embeddable":true,"href":"https:\/\/amanecerhuasteco.com\/portal\/wp-json\/wp\/v2\/users\/1"}],"replies":[{"embeddable":true,"href":"https:\/\/amanecerhuasteco.com\/portal\/wp-json\/wp\/v2\/comments?post=32458"}],"version-history":[{"count":1,"href":"https:\/\/amanecerhuasteco.com\/portal\/wp-json\/wp\/v2\/posts\/32458\/revisions"}],"predecessor-version":[{"id":32460,"href":"https:\/\/amanecerhuasteco.com\/portal\/wp-json\/wp\/v2\/posts\/32458\/revisions\/32460"}],"wp:featuredmedia":[{"embeddable":true,"href":"https:\/\/amanecerhuasteco.com\/portal\/wp-json\/wp\/v2\/media\/32459"}],"wp:attachment":[{"href":"https:\/\/amanecerhuasteco.com\/portal\/wp-json\/wp\/v2\/media?parent=32458"}],"wp:term":[{"taxonomy":"category","embeddable":true,"href":"https:\/\/amanecerhuasteco.com\/portal\/wp-json\/wp\/v2\/categories?post=32458"},{"taxonomy":"post_tag","embeddable":true,"href":"https:\/\/amanecerhuasteco.com\/portal\/wp-json\/wp\/v2\/tags?post=32458"}],"curies":[{"name":"wp","href":"https:\/\/api.w.org\/{rel}","templated":true}]}}