{"id":32556,"date":"2019-02-04T08:36:54","date_gmt":"2019-02-04T14:36:54","guid":{"rendered":"http:\/\/amanecerhuasteco.com\/portal\/?p=32556"},"modified":"2019-02-04T08:36:54","modified_gmt":"2019-02-04T14:36:54","slug":"redes-sociales-y-salud-mental-charla-que-desperto-interes-en-universitarios","status":"publish","type":"post","link":"https:\/\/amanecerhuasteco.com\/portal\/redes-sociales-y-salud-mental-charla-que-desperto-interes-en-universitarios\/","title":{"rendered":"Redes sociales y salud mental, charla que despert\u00f3 inter\u00e9s en universitarios."},"content":{"rendered":"<p>&nbsp;<\/p>\n<p>San Luis Potos\u00ed.- El mal uso de las redes sociales puede llevar a generar ciertas enfermedades psiqui\u00e1tricas apunt\u00f3 el psic\u00f3logo Juan Carlos Hern\u00e1ndez Hern\u00e1ndez durante la conferencia \u201cRedes sociales y salud mental\u201d, en la 28 Semana de la Facultad de Enfermer\u00eda y Nutrici\u00f3n de la UASLP.<\/p>\n<p>La comunidad estudiantil recibi\u00f3 la charla, en donde el especialista subray\u00f3 la importancia de considerar de manera responsable, el uso de las redes sociales y el impacto que tienen estas en la salud mental, en donde los adolescentes son una poblaci\u00f3n vulnerable, que puede caer en padecimientos como: la depresi\u00f3n, la ansiedad, el uso de sustancias, y en el peor de los casos, cometer suicidio.<\/p>\n<p>A\u00f1adi\u00f3: \u201cse considera que la depresi\u00f3n en el a\u00f1o 2020 ser\u00e1 la segunda causa de morbilidad en el mundo. Adem\u00e1s, los \u00edndices de suicidio est\u00e1n incrementando, vemos poblaciones de 17 a 27 a\u00f1os que est\u00e1n pasando por esta situaci\u00f3n, as\u00ed como un gran n\u00famero de adolescentes con diferentes alteraciones de conducta producto del uso de las redes sociales\u201d.<\/p>\n<p>Exhort\u00f3 a los universitarios a prevenir, \u201cno solo es la informaci\u00f3n, tambi\u00e9n saber aplicarla. Es importante que aqu\u00e9llos que se est\u00e1n formando en el campo de la salud conozcan las estrategias para prevenir este tipo de enfermedades mentales\u201d.<\/p>\n<p>De los temas que despertaron inter\u00e9s en los estudiantes de la FEN, fue lo impulsivo que ahora son los infantes, los llamados \u201cni\u00f1os rata\u201d que se caracterizan por un timbre de voz especialmente agudo y un car\u00e1cter vol\u00e1til a la hora de encarar situaciones complejas, as\u00ed como cuestiones asociadas a la adolescencia que pueden impactar con el uso de las redes sociales.<\/p>\n<p>\u201cAl hablar de ni\u00f1os rata, me refiero a infantes que pasan mucho tiempo en las redes sociales, pero adem\u00e1s generan impulsividad cuando llegan a perder alg\u00fan videojuego como Minecraft, Halo, Fortnite, que desarrollan un descontrol emocional, llegando a romper objetos y manteniendo muchos problemas con sus padres\u201d.<\/p>\n<p>Por tal motivo, el psic\u00f3logo Juan Carlos Hern\u00e1ndez, invit\u00f3 a los estudiantes a cuidar de su salud, la cual incluye un estado de bienestar f\u00edsico, psicol\u00f3gico y social, logrando una armon\u00eda entre estos tres aspectos. \u201cTodos somos propensos a padecer una enfermedad mental y estr\u00e9s; causas que pueden afectar o hacernos propensos a padecimientos, por eso es importante dedicar tiempo a la salud\u201d.<\/p>\n<p>&nbsp;<\/p>\n<p>&#8212;<\/p>\n","protected":false},"excerpt":{"rendered":"<p>&nbsp; San Luis Potos\u00ed.- El mal uso de las redes sociales puede llevar a generar ciertas enfermedades psiqui\u00e1tricas apunt\u00f3 el psic\u00f3logo Juan Carlos Hern\u00e1ndez Hern\u00e1ndez durante la conferencia \u201cRedes sociales y salud mental\u201d, en la 28 Semana de la Facultad de Enfermer\u00eda y Nutrici\u00f3n de &hellip; <\/p>\n","protected":false},"author":1,"featured_media":32557,"comment_status":"open","ping_status":"open","sticky":false,"template":"","format":"standard","meta":{"footnotes":""},"categories":[11,4,12,5],"tags":[],"class_list":["post-32556","post","type-post","status-publish","format-standard","has-post-thumbnail","hentry","category-estado","category-inicio","category-nacional","category-politica"],"_links":{"self":[{"href":"https:\/\/amanecerhuasteco.com\/portal\/wp-json\/wp\/v2\/posts\/32556","targetHints":{"allow":["GET"]}}],"collection":[{"href":"https:\/\/amanecerhuasteco.com\/portal\/wp-json\/wp\/v2\/posts"}],"about":[{"href":"https:\/\/amanecerhuasteco.com\/portal\/wp-json\/wp\/v2\/types\/post"}],"author":[{"embeddable":true,"href":"https:\/\/amanecerhuasteco.com\/portal\/wp-json\/wp\/v2\/users\/1"}],"replies":[{"embeddable":true,"href":"https:\/\/amanecerhuasteco.com\/portal\/wp-json\/wp\/v2\/comments?post=32556"}],"version-history":[{"count":1,"href":"https:\/\/amanecerhuasteco.com\/portal\/wp-json\/wp\/v2\/posts\/32556\/revisions"}],"predecessor-version":[{"id":32558,"href":"https:\/\/amanecerhuasteco.com\/portal\/wp-json\/wp\/v2\/posts\/32556\/revisions\/32558"}],"wp:featuredmedia":[{"embeddable":true,"href":"https:\/\/amanecerhuasteco.com\/portal\/wp-json\/wp\/v2\/media\/32557"}],"wp:attachment":[{"href":"https:\/\/amanecerhuasteco.com\/portal\/wp-json\/wp\/v2\/media?parent=32556"}],"wp:term":[{"taxonomy":"category","embeddable":true,"href":"https:\/\/amanecerhuasteco.com\/portal\/wp-json\/wp\/v2\/categories?post=32556"},{"taxonomy":"post_tag","embeddable":true,"href":"https:\/\/amanecerhuasteco.com\/portal\/wp-json\/wp\/v2\/tags?post=32556"}],"curies":[{"name":"wp","href":"https:\/\/api.w.org\/{rel}","templated":true}]}}