{"id":32911,"date":"2019-02-14T22:52:26","date_gmt":"2019-02-15T04:52:26","guid":{"rendered":"http:\/\/amanecerhuasteco.com\/portal\/?p=32911"},"modified":"2019-02-14T22:52:26","modified_gmt":"2019-02-15T04:52:26","slug":"icat-y-la-asociacion-juntos-a-c-firman-convenio-en-beneficio-de-personas-con-discapacidad","status":"publish","type":"post","link":"https:\/\/amanecerhuasteco.com\/portal\/icat-y-la-asociacion-juntos-a-c-firman-convenio-en-beneficio-de-personas-con-discapacidad\/","title":{"rendered":"ICAT y la asociaci\u00f3n juntos A.C. \u00a0firman convenio en beneficio de personas con discapacidad  \u00a0"},"content":{"rendered":"<p><strong>\u00a0<\/strong><\/p>\n<p>&nbsp;<\/p>\n<ul>\n<li><strong>Firman convenio de colaboraci\u00f3n ICAT y Juntos A.C. en beneficio de las personas con discapacidad<\/strong><\/li>\n<li><strong>Junto A.C. otorgar\u00e1 becas del 100% para aquellos que participen en el taller de competencias y habilidades para el trabajo \u201cEMPODERA\u201d<\/strong><\/li>\n<\/ul>\n<p>San Luis Potos\u00ed.- El Instituto de Capacitaci\u00f3n para el Trabajo (ICAT) y la Asociaci\u00f3n Juntos A.C. firman convenio de colaboraci\u00f3n para coordinar acciones que contribuyan al desarrollo de programas de capacitaci\u00f3n y empoderamiento de personas con discapacidad para facilitar su proceso de inclusi\u00f3n laboral, as\u00ed como de capacitaci\u00f3n continua para aquellos que ya se encuentran trabajando y que requieren seguir desarrollando sus competencias laborales.<\/p>\n<p>A trav\u00e9s de este convenio, se trabajar\u00e1 de manera coordinada para brindar a las personas que tengan alguna discapacidad, la oportunidad de integrarse al sector productivo mediante la implementaci\u00f3n de proyectos y programas de capacitaci\u00f3n de competencias y habilidades para el trabajo conforme a lo establecido.<\/p>\n<p>En el marco de la firma de este convenio se anunci\u00f3 que la Asociaci\u00f3n Juntos A.C. otorgar\u00e1 becas del 100% a personas con discapacidad que participen en el taller de competencias y habilidades para el trabajo \u201cEMPODERA\u201d en el 2019, este taller se enfoca en la capacitaci\u00f3n y empoderamiento de personas con discapacidad previo a su inclusi\u00f3n laboral.<\/p>\n<p>Para mayores informes sobre esta beca llamar a la Asociaci\u00f3n Juntos A.C., al tel\u00e9fono (444) 243 37 00 o acudir a la direcci\u00f3n: Ram\u00f3n L\u00f3pez Velarde #125, Col. Tequisquiapan.<\/p>\n<p>En la firma de este convenio estuvieron presentes el Director General del Instituto de Capacitaci\u00f3n para el Trabajo (ICAT), Jos\u00e9 Antonio Correa Estrada y el Director General de la Asociaci\u00f3n Juntos A.C., Jos\u00e9 de Jes\u00fas S\u00e1nchez Pineda.<\/p>\n<p>&nbsp;<\/p>\n<p>&nbsp;<\/p>\n<p>&nbsp;<\/p>\n<p>&nbsp;<\/p>\n","protected":false},"excerpt":{"rendered":"<p>\u00a0 &nbsp; Firman convenio de colaboraci\u00f3n ICAT y Juntos A.C. en beneficio de las personas con discapacidad Junto A.C. otorgar\u00e1 becas del 100% para aquellos que participen en el taller de competencias y habilidades para el trabajo \u201cEMPODERA\u201d San Luis Potos\u00ed.- El Instituto de Capacitaci\u00f3n &hellip; <\/p>\n","protected":false},"author":1,"featured_media":32912,"comment_status":"open","ping_status":"open","sticky":false,"template":"","format":"standard","meta":{"footnotes":""},"categories":[7,11,4,5],"tags":[],"class_list":["post-32911","post","type-post","status-publish","format-standard","has-post-thumbnail","hentry","category-ciudad","category-estado","category-inicio","category-politica"],"_links":{"self":[{"href":"https:\/\/amanecerhuasteco.com\/portal\/wp-json\/wp\/v2\/posts\/32911","targetHints":{"allow":["GET"]}}],"collection":[{"href":"https:\/\/amanecerhuasteco.com\/portal\/wp-json\/wp\/v2\/posts"}],"about":[{"href":"https:\/\/amanecerhuasteco.com\/portal\/wp-json\/wp\/v2\/types\/post"}],"author":[{"embeddable":true,"href":"https:\/\/amanecerhuasteco.com\/portal\/wp-json\/wp\/v2\/users\/1"}],"replies":[{"embeddable":true,"href":"https:\/\/amanecerhuasteco.com\/portal\/wp-json\/wp\/v2\/comments?post=32911"}],"version-history":[{"count":1,"href":"https:\/\/amanecerhuasteco.com\/portal\/wp-json\/wp\/v2\/posts\/32911\/revisions"}],"predecessor-version":[{"id":32913,"href":"https:\/\/amanecerhuasteco.com\/portal\/wp-json\/wp\/v2\/posts\/32911\/revisions\/32913"}],"wp:featuredmedia":[{"embeddable":true,"href":"https:\/\/amanecerhuasteco.com\/portal\/wp-json\/wp\/v2\/media\/32912"}],"wp:attachment":[{"href":"https:\/\/amanecerhuasteco.com\/portal\/wp-json\/wp\/v2\/media?parent=32911"}],"wp:term":[{"taxonomy":"category","embeddable":true,"href":"https:\/\/amanecerhuasteco.com\/portal\/wp-json\/wp\/v2\/categories?post=32911"},{"taxonomy":"post_tag","embeddable":true,"href":"https:\/\/amanecerhuasteco.com\/portal\/wp-json\/wp\/v2\/tags?post=32911"}],"curies":[{"name":"wp","href":"https:\/\/api.w.org\/{rel}","templated":true}]}}