{"id":32914,"date":"2019-02-14T22:54:32","date_gmt":"2019-02-15T04:54:32","guid":{"rendered":"http:\/\/amanecerhuasteco.com\/portal\/?p=32914"},"modified":"2019-02-14T22:54:32","modified_gmt":"2019-02-15T04:54:32","slug":"jm-carreras-se-reune-con-titulares-de-sedena-y-sedatu","status":"publish","type":"post","link":"https:\/\/amanecerhuasteco.com\/portal\/jm-carreras-se-reune-con-titulares-de-sedena-y-sedatu\/","title":{"rendered":"JM Carreras se re\u00fane con titulares de SEDENA Y SEDATU  \u00a0"},"content":{"rendered":"<p><strong>\u00a0<\/strong><\/p>\n<p>&nbsp;<\/p>\n<ul>\n<li><strong>Coordina esfuerzos para la paz y seguridad en SLP. <\/strong><\/li>\n<li><strong>Establece mesas de trabajo para regularizaci\u00f3n de la tierra e incorporaci\u00f3n de Cd. Sat\u00e9lite a pol\u00edgono estrat\u00e9gico. <\/strong><\/li>\n<\/ul>\n<p>Ciudad de M\u00e9xico. &#8211; Para afianzar las acciones coordinadas para la paz y seguridad p\u00fablica, as\u00ed como en establecer mesas de trabajo para la regularizaci\u00f3n de la tierra e incorporaci\u00f3n de Ciudad Sat\u00e9lite a pol\u00edgonos estrat\u00e9gicos, el Gobernador del Estado, Juan Manuel Carreras L\u00f3pez, sostuvo reuniones con el Secretario de la Defensa Nacional (SEDENA), Luis Cresencio Sandoval Gonz\u00e1lez, y con el titular de la Secretar\u00eda Desarrollo Agrario, Territorial y Urbano (SEDATU), Rom\u00e1n Guillermo Meyer Falc\u00f3n.<\/p>\n<p>El jefe del Ejecutivo, reafirm\u00f3 el compromiso de esta administraci\u00f3n para consolidar los acuerdos para el desarrollo integral de la entidad, en tareas conjuntas con la federaci\u00f3n para el bienestar de las familias potosinas.<\/p>\n<p>Al iniciar esta gira de trabajo, se entrevist\u00f3 con el titular de SEDENA, el encuentro tuvo como prop\u00f3sito establecer un di\u00e1logo en torno a las nuevas estrategias de coordinaci\u00f3n en seguridad que se implementan desde el Ejercito Mexicano con las autoridades estatales y federales.<\/p>\n<p>Posteriormente, el mandatario estatal, en reuni\u00f3n con Rom\u00e1n Guillermo Meyer Falc\u00f3n se abord\u00f3 el tema da la importancia de generar acciones que detonen la vivienda social, especialmente, en la reserva de Ciudad Sat\u00e9lite, as\u00ed como en la incorporaci\u00f3n de los pol\u00edgonos estrat\u00e9gicos y detonar la construcci\u00f3n de m\u00e1s de 5 mil casas.<\/p>\n<p>Adem\u00e1s, en esta misma reuni\u00f3n, se consolidaron las bases para realizar un diagn\u00f3stico para la regularizaci\u00f3n en algunos predios y establecer mesas de negociaci\u00f3n.<\/p>\n<p>De la misma manera, se establecieron los acuerdos se enfocan para consolidar mesas de trabajo y encontrar las bases en la soluci\u00f3n de temas jur\u00eddicos en la tenencia de la tierra.<\/p>\n<p>Acompa\u00f1aron al mandatario estatal, el titular de SEDESORE, Alberto El\u00edas S\u00e1nchez y el Consejero Jur\u00eddico Adjunto del Gobierno del Estado, Ramiro Robledo L\u00f3pez.<\/p>\n<p>&#8212;<\/p>\n","protected":false},"excerpt":{"rendered":"<p>\u00a0 &nbsp; Coordina esfuerzos para la paz y seguridad en SLP. Establece mesas de trabajo para regularizaci\u00f3n de la tierra e incorporaci\u00f3n de Cd. Sat\u00e9lite a pol\u00edgono estrat\u00e9gico. Ciudad de M\u00e9xico. &#8211; Para afianzar las acciones coordinadas para la paz y seguridad p\u00fablica, as\u00ed como &hellip; <\/p>\n","protected":false},"author":1,"featured_media":32915,"comment_status":"open","ping_status":"open","sticky":false,"template":"","format":"standard","meta":{"footnotes":""},"categories":[7,11,4,5],"tags":[],"class_list":["post-32914","post","type-post","status-publish","format-standard","has-post-thumbnail","hentry","category-ciudad","category-estado","category-inicio","category-politica"],"_links":{"self":[{"href":"https:\/\/amanecerhuasteco.com\/portal\/wp-json\/wp\/v2\/posts\/32914","targetHints":{"allow":["GET"]}}],"collection":[{"href":"https:\/\/amanecerhuasteco.com\/portal\/wp-json\/wp\/v2\/posts"}],"about":[{"href":"https:\/\/amanecerhuasteco.com\/portal\/wp-json\/wp\/v2\/types\/post"}],"author":[{"embeddable":true,"href":"https:\/\/amanecerhuasteco.com\/portal\/wp-json\/wp\/v2\/users\/1"}],"replies":[{"embeddable":true,"href":"https:\/\/amanecerhuasteco.com\/portal\/wp-json\/wp\/v2\/comments?post=32914"}],"version-history":[{"count":1,"href":"https:\/\/amanecerhuasteco.com\/portal\/wp-json\/wp\/v2\/posts\/32914\/revisions"}],"predecessor-version":[{"id":32916,"href":"https:\/\/amanecerhuasteco.com\/portal\/wp-json\/wp\/v2\/posts\/32914\/revisions\/32916"}],"wp:featuredmedia":[{"embeddable":true,"href":"https:\/\/amanecerhuasteco.com\/portal\/wp-json\/wp\/v2\/media\/32915"}],"wp:attachment":[{"href":"https:\/\/amanecerhuasteco.com\/portal\/wp-json\/wp\/v2\/media?parent=32914"}],"wp:term":[{"taxonomy":"category","embeddable":true,"href":"https:\/\/amanecerhuasteco.com\/portal\/wp-json\/wp\/v2\/categories?post=32914"},{"taxonomy":"post_tag","embeddable":true,"href":"https:\/\/amanecerhuasteco.com\/portal\/wp-json\/wp\/v2\/tags?post=32914"}],"curies":[{"name":"wp","href":"https:\/\/api.w.org\/{rel}","templated":true}]}}