{"id":32944,"date":"2019-02-17T09:52:04","date_gmt":"2019-02-17T15:52:04","guid":{"rendered":"http:\/\/amanecerhuasteco.com\/portal\/?p=32944"},"modified":"2019-02-17T09:52:04","modified_gmt":"2019-02-17T15:52:04","slug":"fueron-clausuradas-las-jornadas-del-delito-de-feminicidio","status":"publish","type":"post","link":"https:\/\/amanecerhuasteco.com\/portal\/fueron-clausuradas-las-jornadas-del-delito-de-feminicidio\/","title":{"rendered":"Fueron clausuradas las jornadas del delito de feminicidio  \u00a0"},"content":{"rendered":"<p><strong>\u00a0<\/strong><\/p>\n<p>&nbsp;<\/p>\n<ul>\n<li><strong>Del 11 al 15 de febrero el IMES, SECULT y la FGE coordinaron el evento que fue todo un \u00e9xito <\/strong><\/li>\n<\/ul>\n<p>San Luis Potos\u00ed.- Este d\u00eda en el Centro de las Artes de San Luis Potos\u00ed, se clausuraron \u201cLas Jornadas del Delito de Feminicidio y su Investigaci\u00f3n\u201d por la Directora General del Instituto de las Mujeres del Estado (IMES), Erika Vel\u00e1zquez Guti\u00e9rrez, acompa\u00f1ada del Secretario General de Gobierno y Presidente del Consejo del Sistema Estatal Para Prevenir, Atender y Erradicar la Violencia contra las Mujeres (SEPASEV), Alejandro Leal Tov\u00edas.<\/p>\n<p>En su intervenci\u00f3n, resalt\u00f3 la importancia de la participaci\u00f3n del funcionariado p\u00fablico por seguir capacit\u00e1ndose y en particular del personal que integra la Fiscal\u00eda General del Estado por perfeccionar sus t\u00e9cnicas de investigaci\u00f3n.<\/p>\n<p>Leal Tov\u00edas agreg\u00f3 que existe una sociedad civil cada vez m\u00e1s interesada en conocer lo que est\u00e1 pasando en el tema de la violencia en contra de las mujeres, y dijo que de la mano sociedad civil y gobierno es como se lograr\u00e1 erradicar la violencia feminicida que afecta nuestro pa\u00eds.<\/p>\n<p>El Secretario General de Gobierno dijo textualmente: \u201ctengan la certeza que las instituciones que integramos el Sistema Estatal Para Prevenir, Atender y Erradicar la Violencia contra las Mujeres (SEPASEV), seguiremos realizando este tipo de actividades tan enriquecedoras y que nos permiten avanzar de manera correcta en el cumplimiento de nuestro trabajo\u201d concluy\u00f3.<\/p>\n<p>En el \u00faltimo d\u00eda de conferencias la abogada, feminista y defensora de derechos humanos, Karla Micheel Salas Ram\u00edrez abord\u00f3 el tema: \u201cEstereotipo de G\u00e9nero en el Sistema Penal\u201d y habl\u00f3 acerca de los prejuicios que tienen los servidores p\u00fablicos en las \u00e1reas de atenci\u00f3n o investigaci\u00f3n, mismos que limitan el acceso a la justicia de las mujeres cometiendo injusticias en su contra.<\/p>\n<p>Karla Salas dijo que estos prejuicios de g\u00e9nero, influyen en los casos de violencia contra las mujeres, feminicidio y violencia sexual, pero tambi\u00e9n influyen en los casos donde las mujeres son quienes cometen un delito, en c\u00f3mo hay una criminalizaci\u00f3n y un uso negativo del sistema penal para acusarlas.<\/p>\n<p>Durante los cinco d\u00edas que dur\u00f3 el evento se abordaron temas de relevancia como: La Necropsia M\u00e9dico Forense, Criminal\u00edstica a con Perspectiva de G\u00e9nero, Modelo Meteorol\u00f3gico para la Investigaci\u00f3n del Feminicidio y Fiscal\u00edas que investiguen efectivamente la violencia contra la mujer.<\/p>\n<p>Al final la Directora General de IMES agradeci\u00f3 a los asistentes su participaci\u00f3n, as\u00ed como a la Secretaria de Cultura y Fiscal\u00eda General del Estado, por el apoyo brindado durante los cinco d\u00edas que duro el evento.<\/p>\n<p>&nbsp;<\/p>\n<p>&nbsp;<\/p>\n<p>&nbsp;<\/p>\n<p>&nbsp;<\/p>\n<p>&nbsp;<\/p>\n<p>&nbsp;<\/p>\n","protected":false},"excerpt":{"rendered":"<p>\u00a0 &nbsp; Del 11 al 15 de febrero el IMES, SECULT y la FGE coordinaron el evento que fue todo un \u00e9xito San Luis Potos\u00ed.- Este d\u00eda en el Centro de las Artes de San Luis Potos\u00ed, se clausuraron \u201cLas Jornadas del Delito de Feminicidio &hellip; <\/p>\n","protected":false},"author":1,"featured_media":32945,"comment_status":"open","ping_status":"open","sticky":false,"template":"","format":"standard","meta":{"footnotes":""},"categories":[7,11,4,5],"tags":[],"class_list":["post-32944","post","type-post","status-publish","format-standard","has-post-thumbnail","hentry","category-ciudad","category-estado","category-inicio","category-politica"],"_links":{"self":[{"href":"https:\/\/amanecerhuasteco.com\/portal\/wp-json\/wp\/v2\/posts\/32944","targetHints":{"allow":["GET"]}}],"collection":[{"href":"https:\/\/amanecerhuasteco.com\/portal\/wp-json\/wp\/v2\/posts"}],"about":[{"href":"https:\/\/amanecerhuasteco.com\/portal\/wp-json\/wp\/v2\/types\/post"}],"author":[{"embeddable":true,"href":"https:\/\/amanecerhuasteco.com\/portal\/wp-json\/wp\/v2\/users\/1"}],"replies":[{"embeddable":true,"href":"https:\/\/amanecerhuasteco.com\/portal\/wp-json\/wp\/v2\/comments?post=32944"}],"version-history":[{"count":1,"href":"https:\/\/amanecerhuasteco.com\/portal\/wp-json\/wp\/v2\/posts\/32944\/revisions"}],"predecessor-version":[{"id":32946,"href":"https:\/\/amanecerhuasteco.com\/portal\/wp-json\/wp\/v2\/posts\/32944\/revisions\/32946"}],"wp:featuredmedia":[{"embeddable":true,"href":"https:\/\/amanecerhuasteco.com\/portal\/wp-json\/wp\/v2\/media\/32945"}],"wp:attachment":[{"href":"https:\/\/amanecerhuasteco.com\/portal\/wp-json\/wp\/v2\/media?parent=32944"}],"wp:term":[{"taxonomy":"category","embeddable":true,"href":"https:\/\/amanecerhuasteco.com\/portal\/wp-json\/wp\/v2\/categories?post=32944"},{"taxonomy":"post_tag","embeddable":true,"href":"https:\/\/amanecerhuasteco.com\/portal\/wp-json\/wp\/v2\/tags?post=32944"}],"curies":[{"name":"wp","href":"https:\/\/api.w.org\/{rel}","templated":true}]}}