{"id":32947,"date":"2019-02-17T09:56:16","date_gmt":"2019-02-17T15:56:16","guid":{"rendered":"http:\/\/amanecerhuasteco.com\/portal\/?p=32947"},"modified":"2019-02-17T09:56:16","modified_gmt":"2019-02-17T15:56:16","slug":"fge-obtiene-prision-preventiva-para-hombre-acusado-de-presuntamente-violar-a-una-nina","status":"publish","type":"post","link":"https:\/\/amanecerhuasteco.com\/portal\/fge-obtiene-prision-preventiva-para-hombre-acusado-de-presuntamente-violar-a-una-nina\/","title":{"rendered":"FGE obtiene prisi\u00f3n preventiva para hombre acusado de presuntamente violar a una ni\u00f1a"},"content":{"rendered":"<p>&nbsp;<\/p>\n<p>-Fue vinculado a proceso por probables hechos ocurridos en Ciudad Valles<\/p>\n<p>Ciudad Valles. \u2013 Un sujeto de 38 a\u00f1os de edad fue vinculado a proceso, luego que los litigadores adscritos a la S\u00e9ptima Delegaci\u00f3n con sede en Ciudad Valles de la Fiscal\u00eda General del Estado de San Luis Potos\u00ed (FGESLP), aportaron los datos de prueba suficiente a la carpeta de investigaci\u00f3n sobre su presunta responsabilidad en el delito de violaci\u00f3n equiparada agravada en contra de una menor.<\/p>\n<p>En la audiencia inicial, el Juez de Control tambi\u00e9n le dict\u00f3 la prisi\u00f3n preventiva oficiosa a Severiano \u201cN\u201d, por lo que quedar\u00e1 privado de su libertad mientras concluyen los tres meses que se dieron para el cierre de la investigaci\u00f3n complementaria.<\/p>\n<p>Fue el 28 de diciembre del a\u00f1o pasado, aproximadamente a las 17:00 horas, cuando la v\u00edctima, una ni\u00f1a de 11 a\u00f1os de edad de Identidad reservada, se encontraba en el interior de su domicilio ubicado en el fraccionamiento Praderas del R\u00edo, en el municipio de Ciudad Valles, hasta donde lleg\u00f3 el ahora imputado.<\/p>\n<p>Aprovechando la amistad que Severiano \u201cN\u201d ten\u00eda con la madre de la menor, el imputado iba de manera cotidiana a la vivienda.<\/p>\n<p>Siendo esa fecha cuando se dio cuenta que la ni\u00f1a se encontraba sola, por lo que entr\u00f3 a uno de los cuartos donde estaba la menor y le realiz\u00f3 tocamientos insanos, amenaz\u00e1ndola con no contar lo sucedido, de lo contrario les har\u00eda da\u00f1o.<\/p>\n<p>Sin embargo, la segunda ocasi\u00f3n que intent\u00f3 cometer el mismo delito, la v\u00edctima lo cont\u00f3 a sus familiares y este fue denunciado en la Fiscal\u00eda, inici\u00e1ndose la carpeta de investigaci\u00f3n respectiva.<\/p>\n<p>Los agentes aportaron todos los datos de prueba necesarios para obtener la orden de aprehensi\u00f3n en su contra, misma que fue cumplimentada hace unos d\u00edas, iniciando as\u00ed su proceso penal.<\/p>\n<p>El imputado estar\u00e1 recluido mientras trascurre el plazo de la investigaci\u00f3n complementaria en el centro de reinserci\u00f3n social de la Huasteca Norte.<\/p>\n<p>&#8212;<\/p>\n","protected":false},"excerpt":{"rendered":"<p>&nbsp; -Fue vinculado a proceso por probables hechos ocurridos en Ciudad Valles Ciudad Valles. \u2013 Un sujeto de 38 a\u00f1os de edad fue vinculado a proceso, luego que los litigadores adscritos a la S\u00e9ptima Delegaci\u00f3n con sede en Ciudad Valles de la Fiscal\u00eda General del &hellip; <\/p>\n","protected":false},"author":1,"featured_media":32948,"comment_status":"open","ping_status":"open","sticky":false,"template":"","format":"standard","meta":{"footnotes":""},"categories":[7,11,4,5],"tags":[],"class_list":["post-32947","post","type-post","status-publish","format-standard","has-post-thumbnail","hentry","category-ciudad","category-estado","category-inicio","category-politica"],"_links":{"self":[{"href":"https:\/\/amanecerhuasteco.com\/portal\/wp-json\/wp\/v2\/posts\/32947","targetHints":{"allow":["GET"]}}],"collection":[{"href":"https:\/\/amanecerhuasteco.com\/portal\/wp-json\/wp\/v2\/posts"}],"about":[{"href":"https:\/\/amanecerhuasteco.com\/portal\/wp-json\/wp\/v2\/types\/post"}],"author":[{"embeddable":true,"href":"https:\/\/amanecerhuasteco.com\/portal\/wp-json\/wp\/v2\/users\/1"}],"replies":[{"embeddable":true,"href":"https:\/\/amanecerhuasteco.com\/portal\/wp-json\/wp\/v2\/comments?post=32947"}],"version-history":[{"count":1,"href":"https:\/\/amanecerhuasteco.com\/portal\/wp-json\/wp\/v2\/posts\/32947\/revisions"}],"predecessor-version":[{"id":32949,"href":"https:\/\/amanecerhuasteco.com\/portal\/wp-json\/wp\/v2\/posts\/32947\/revisions\/32949"}],"wp:featuredmedia":[{"embeddable":true,"href":"https:\/\/amanecerhuasteco.com\/portal\/wp-json\/wp\/v2\/media\/32948"}],"wp:attachment":[{"href":"https:\/\/amanecerhuasteco.com\/portal\/wp-json\/wp\/v2\/media?parent=32947"}],"wp:term":[{"taxonomy":"category","embeddable":true,"href":"https:\/\/amanecerhuasteco.com\/portal\/wp-json\/wp\/v2\/categories?post=32947"},{"taxonomy":"post_tag","embeddable":true,"href":"https:\/\/amanecerhuasteco.com\/portal\/wp-json\/wp\/v2\/tags?post=32947"}],"curies":[{"name":"wp","href":"https:\/\/api.w.org\/{rel}","templated":true}]}}