{"id":33316,"date":"2019-02-27T11:08:35","date_gmt":"2019-02-27T17:08:35","guid":{"rendered":"http:\/\/amanecerhuasteco.com\/portal\/?p=33316"},"modified":"2019-02-27T11:08:35","modified_gmt":"2019-02-27T17:08:35","slug":"pm-detiene-a-integrantes-de-banda-de-robacarros","status":"publish","type":"post","link":"https:\/\/amanecerhuasteco.com\/portal\/pm-detiene-a-integrantes-de-banda-de-robacarros\/","title":{"rendered":"PM detiene a integrantes de banda de robacarros"},"content":{"rendered":"<p>Soledad de Graciano S\u00e1nchez.- Presuntos integrantes de una banda que se dedica al robo y desvalijamiento de veh\u00edculos fue desarticulada por agentes municipales de Soledad, en el marco del reforzamiento de las acciones del \u201cPlan Cuadrante\u201d.<\/p>\n<p>Al atender un llamado de auxilio, los oficiales de Fuerzas Municipales se trasladan a una zona de terracer\u00eda conocida como Camino a Rinconada perteneciente a la Comunidad de Rancho Nuevo, ya que se reportaba que varios sujetos y algunas mujeres se daban a la tarea de desvalijar veh\u00edculos.<\/p>\n<p>A su llegada, los agentes municipales visualizan a 2 mujeres y 4 hombres, los cuales al observar las unidades policiales corren en distintas direcciones con el af\u00e1n de darse a la fuga, sin embargo se les dio alcance procediendo a su aseguramiento.<\/p>\n<p>En el lugar se detect\u00f3 que hab\u00eda tres unidades entre ellos un Nissan Sentra en color rojo que arroj\u00f3 tener reporte de robo vigente, en tanto que una camioneta S10 en color negro contaba con un permiso de circulaci\u00f3n de un Volkswagen y un Pointer en color negro.<\/p>\n<p>Como ning\u00fan autom\u00f3vil era de su propiedad adem\u00e1s de reconocer de viva voz que se dedicaban a su desvalijamiento; se realizan los tr\u00e1mites legales correspondientes para su puesta a disposici\u00f3n ante la fiscal\u00eda de quienes dijeron llamarse:<\/p>\n<p>Marina Elizabeth de 25 a\u00f1os habitante de la colonia Nuevo Progreso, Nayeli de 20 a\u00f1os de la colonia Popular, Jos\u00e9 Candelario de 33 a\u00f1os de Fraccionamiento Juan Pablo, Jos\u00e9 Luis de 31 a\u00f1os de Los Vergeles, Jos\u00e9 Guadalupe de 35 a\u00f1os de La Progreso y Jorge de 40 a\u00f1os vecino de Viveros Sat\u00e9lite.<\/p>\n<p>&nbsp;<\/p>\n","protected":false},"excerpt":{"rendered":"<p>Soledad de Graciano S\u00e1nchez.- Presuntos integrantes de una banda que se dedica al robo y desvalijamiento de veh\u00edculos fue desarticulada por agentes municipales de Soledad, en el marco del reforzamiento de las acciones del \u201cPlan Cuadrante\u201d. Al atender un llamado de auxilio, los oficiales de &hellip; <\/p>\n","protected":false},"author":1,"featured_media":33317,"comment_status":"open","ping_status":"open","sticky":false,"template":"","format":"standard","meta":{"footnotes":""},"categories":[11,4,12,19],"tags":[],"class_list":["post-33316","post","type-post","status-publish","format-standard","has-post-thumbnail","hentry","category-estado","category-inicio","category-nacional","category-policia"],"_links":{"self":[{"href":"https:\/\/amanecerhuasteco.com\/portal\/wp-json\/wp\/v2\/posts\/33316","targetHints":{"allow":["GET"]}}],"collection":[{"href":"https:\/\/amanecerhuasteco.com\/portal\/wp-json\/wp\/v2\/posts"}],"about":[{"href":"https:\/\/amanecerhuasteco.com\/portal\/wp-json\/wp\/v2\/types\/post"}],"author":[{"embeddable":true,"href":"https:\/\/amanecerhuasteco.com\/portal\/wp-json\/wp\/v2\/users\/1"}],"replies":[{"embeddable":true,"href":"https:\/\/amanecerhuasteco.com\/portal\/wp-json\/wp\/v2\/comments?post=33316"}],"version-history":[{"count":2,"href":"https:\/\/amanecerhuasteco.com\/portal\/wp-json\/wp\/v2\/posts\/33316\/revisions"}],"predecessor-version":[{"id":33319,"href":"https:\/\/amanecerhuasteco.com\/portal\/wp-json\/wp\/v2\/posts\/33316\/revisions\/33319"}],"wp:featuredmedia":[{"embeddable":true,"href":"https:\/\/amanecerhuasteco.com\/portal\/wp-json\/wp\/v2\/media\/33317"}],"wp:attachment":[{"href":"https:\/\/amanecerhuasteco.com\/portal\/wp-json\/wp\/v2\/media?parent=33316"}],"wp:term":[{"taxonomy":"category","embeddable":true,"href":"https:\/\/amanecerhuasteco.com\/portal\/wp-json\/wp\/v2\/categories?post=33316"},{"taxonomy":"post_tag","embeddable":true,"href":"https:\/\/amanecerhuasteco.com\/portal\/wp-json\/wp\/v2\/tags?post=33316"}],"curies":[{"name":"wp","href":"https:\/\/api.w.org\/{rel}","templated":true}]}}