{"id":33327,"date":"2019-02-27T18:08:23","date_gmt":"2019-02-28T00:08:23","guid":{"rendered":"http:\/\/amanecerhuasteco.com\/portal\/?p=33327"},"modified":"2019-02-27T18:08:23","modified_gmt":"2019-02-28T00:08:23","slug":"fgeslp-intensifico-acciones-para-localizar-a-karla-daniela-en-ciudad-valles","status":"publish","type":"post","link":"https:\/\/amanecerhuasteco.com\/portal\/fgeslp-intensifico-acciones-para-localizar-a-karla-daniela-en-ciudad-valles\/","title":{"rendered":"FGESLP intensifico acciones para localizar a Karla Daniela en Ciudad Valles"},"content":{"rendered":"<div>\n<p><b>Est\u00e1 solicitando el apoyo de otras regiones de SLP y de otras entidades del pa\u00eds<\/b><\/p>\n<ul type=\"disc\">\n<li><b>Se incorpor\u00f3 la Unidad Canina de la Polic\u00eda Estatal a la b\u00fasqueda<\/b><\/li>\n<\/ul>\n<p>Ciudad Valles. \u2013 Con el objetivo de localizar sana y salva a la ni\u00f1a Karla Daniela y que sea lo m\u00e1s pronto posible, la Fiscal\u00eda General del Estado de San Luis Potos\u00ed (FGESLP) a trav\u00e9s de la S\u00e9ptima Delegaci\u00f3n con sede en Ciudad Valles, solicit\u00f3 el apoyo a las dem\u00e1s regiones de la entidad y a otros estados del pa\u00eds, adem\u00e1s de que se incorpor\u00f3 la Unidad Canina de la Direcci\u00f3n General de Seguridad P\u00fablica del Estado a la b\u00fasqueda.<\/p>\n<p>De igual forma, aument\u00f3 el n\u00famero de veh\u00edculos y de personas que se encuentran busc\u00e1ndola, ya son m\u00e1s de 200 funcionarios de diversas corporaciones e instituciones las que est\u00e1n trabajando, sin contar con un n\u00famero considerable de ciudadanos que est\u00e1n apoyando como voluntarios.<\/p>\n<p>El Delegado de la Fiscal\u00eda en Ciudad Valles, Antonio Rodr\u00edguez Rodr\u00edguez explic\u00f3 que los perros est\u00e1n adiestrados en la b\u00fasqueda de personas, por lo que los trabajos estar\u00e1n enfocados en el Ejido La Lima y otros puntos considerados importantes de esa zona.<\/p>\n<p>Refiri\u00f3 que la ni\u00f1a se fue de su casa desde el domingo 17 de febrero del a\u00f1o en curso, sin embargo, la Fiscal\u00eda no ten\u00eda conocimiento de ello, sino hasta dos d\u00edas despu\u00e9s que sus familiares denunciaron su desaparici\u00f3n, el martes 19, activ\u00e1ndose de inmediato la Alerta Amber y comenzando su b\u00fasqueda.<\/p>\n<p>\u201cDesde ese d\u00eda realizamos diversos recorridos en coordinaci\u00f3n con todas las corporaciones de seguridad, del ej\u00e9rcito mexicano y de la misma ciudadan\u00eda, apoyados con helic\u00f3pteros de Gobierno del Estado, cuatrimotos, motos y veh\u00edculos Hummer con los que se ha estado peinando la zona desde el d\u00eda que se denunci\u00f3 la no localizaci\u00f3n de la menor\u201d, agreg\u00f3.<\/p>\n<p>Tambi\u00e9n est\u00e1n apoyando buzos y lanchas que han estado buscando en los r\u00edos aleda\u00f1os al ejido, en pozos y en una represa que hay cerca de donde desapareci\u00f3.<\/p>\n<p>El Delegado dijo que una de las l\u00edneas de investigaci\u00f3n es que la ni\u00f1a se encuentra extraviada, seg\u00fan la denuncia de la propia madre, quien se\u00f1al\u00f3 en sus declaraciones que el domingo 17 de febrero, la menor huy\u00f3 con rumbo desconocido, por diversas situaciones que se presentaron en su hogar.<\/p>\n<p>\u201cLo que creemos es que se perdi\u00f3 cuando huy\u00f3 de su casa, porque en la zona hay abundante vegetaci\u00f3n y debido a su edad, de 9 a\u00f1os, pudo haber perdido el rumbo, esa es la primera l\u00ednea que tenemos\u201d, agreg\u00f3.<\/p>\n<p>De igual forma, dijo que hasta el momento tampoco han encontrado indicios de que Karla Daniela se encuentre sin vida, porque en la b\u00fasqueda no han localizado prendas de vestir o manchas hem\u00e1ticas, por lo que hay confianza en que pronto puedan localizarla sana y salva.<\/p>\n<p>Finalmente, consider\u00f3 que si alguna persona la ha tenido resguardada por alg\u00fan motivo, estar\u00eda incurriendo en un delito, porque se ha difundido por todos los medios que se est\u00e1 buscando a la menor y deber\u00edan de acercarse e informar a las autoridades.<\/p>\n<\/div>\n<div><\/div>\n","protected":false},"excerpt":{"rendered":"<p>Est\u00e1 solicitando el apoyo de otras regiones de SLP y de otras entidades del pa\u00eds Se incorpor\u00f3 la Unidad Canina de la Polic\u00eda Estatal a la b\u00fasqueda Ciudad Valles. \u2013 Con el objetivo de localizar sana y salva a la ni\u00f1a Karla Daniela y que &hellip; <\/p>\n","protected":false},"author":1,"featured_media":33328,"comment_status":"open","ping_status":"open","sticky":false,"template":"","format":"standard","meta":{"footnotes":""},"categories":[7,11,4,12,19],"tags":[],"class_list":["post-33327","post","type-post","status-publish","format-standard","has-post-thumbnail","hentry","category-ciudad","category-estado","category-inicio","category-nacional","category-policia"],"_links":{"self":[{"href":"https:\/\/amanecerhuasteco.com\/portal\/wp-json\/wp\/v2\/posts\/33327","targetHints":{"allow":["GET"]}}],"collection":[{"href":"https:\/\/amanecerhuasteco.com\/portal\/wp-json\/wp\/v2\/posts"}],"about":[{"href":"https:\/\/amanecerhuasteco.com\/portal\/wp-json\/wp\/v2\/types\/post"}],"author":[{"embeddable":true,"href":"https:\/\/amanecerhuasteco.com\/portal\/wp-json\/wp\/v2\/users\/1"}],"replies":[{"embeddable":true,"href":"https:\/\/amanecerhuasteco.com\/portal\/wp-json\/wp\/v2\/comments?post=33327"}],"version-history":[{"count":1,"href":"https:\/\/amanecerhuasteco.com\/portal\/wp-json\/wp\/v2\/posts\/33327\/revisions"}],"predecessor-version":[{"id":33329,"href":"https:\/\/amanecerhuasteco.com\/portal\/wp-json\/wp\/v2\/posts\/33327\/revisions\/33329"}],"wp:featuredmedia":[{"embeddable":true,"href":"https:\/\/amanecerhuasteco.com\/portal\/wp-json\/wp\/v2\/media\/33328"}],"wp:attachment":[{"href":"https:\/\/amanecerhuasteco.com\/portal\/wp-json\/wp\/v2\/media?parent=33327"}],"wp:term":[{"taxonomy":"category","embeddable":true,"href":"https:\/\/amanecerhuasteco.com\/portal\/wp-json\/wp\/v2\/categories?post=33327"},{"taxonomy":"post_tag","embeddable":true,"href":"https:\/\/amanecerhuasteco.com\/portal\/wp-json\/wp\/v2\/tags?post=33327"}],"curies":[{"name":"wp","href":"https:\/\/api.w.org\/{rel}","templated":true}]}}