{"id":36532,"date":"2019-06-05T06:43:01","date_gmt":"2019-06-05T12:43:01","guid":{"rendered":"http:\/\/amanecerhuasteco.com\/portal\/?p=36532"},"modified":"2019-06-05T07:05:52","modified_gmt":"2019-06-05T13:05:52","slug":"buscan-en-sotanos-ubicados-en-la-comunidad-de-la-vieja-en-tamasopo-restos-de-15-desaparecidos-de-este-municipio","status":"publish","type":"post","link":"https:\/\/amanecerhuasteco.com\/portal\/buscan-en-sotanos-ubicados-en-la-comunidad-de-la-vieja-en-tamasopo-restos-de-15-desaparecidos-de-este-municipio\/","title":{"rendered":"Buscan en S\u00f3tanos ubicados en la comunidad de \u201cLa Vieja\u201d en Tamasopo, restos de 15 desaparecidos de este municipio."},"content":{"rendered":"<p><img decoding=\"async\" class=\"alignnone size-medium wp-image-36543\" src=\"https:\/\/amanecerhuasteco.com\/portal\/wp-content\/uploads\/2019\/06\/5-6-19-la-vieja-2-225x300.jpg\" alt=\"\" width=\"225\" height=\"300\" \/><img decoding=\"async\" class=\"alignnone size-medium wp-image-36544\" src=\"https:\/\/amanecerhuasteco.com\/portal\/wp-content\/uploads\/2019\/06\/5-6-19-la-vieja-1-300x225.jpg\" alt=\"\" width=\"300\" height=\"225\" \/><img decoding=\"async\" class=\"alignnone size-medium wp-image-36533\" src=\"https:\/\/amanecerhuasteco.com\/portal\/wp-content\/uploads\/2019\/06\/5-6-19-colectivo-2-300x124.jpg\" alt=\"\" width=\"300\" height=\"124\" \/><\/p>\n<p>Tamasopo.- Edith P\u00e9rez Rodr\u00edguez, Presidenta del Colectivo \u201cVoz y Dignidad de San Luis Potos\u00ed\u201d, confirm\u00f3 a \u201cAmanecer Huasteco\u201d, que esta semana personal especializado estar\u00e1 en el municipio de Tamasopo, en busca de restos humanos en dos s\u00f3tanos ubicados en la comunidad la \u201cVieja\u201d.<\/p>\n<p>En entrevista, dijo que desde el lunes 3 de Junio, inicio la diligencia luego que el \u201cColectivo\u201d respaldara a familias de m\u00e1s de 15 desaparecidos de este municipio en sus denuncias para exigir la b\u00fasqueda de restos humanos en dos S\u00f3tanos ubicados entre las comunidades de la \u201cVieja\u201d y \u201cPuerto Verde\u201d, ya que las versiones de los familiares coinciden de que los cuerpos pudieran encontrarse en ese lugar.<\/p>\n<p>Explic\u00f3, que participa personal forense, de la Secretaria de la Defensa Nacional, Protecci\u00f3n Civil Estatal, Familiares de desaparecidos, as\u00ed como el Colectivo Voz y Dignidad, el primer d\u00eda se intent\u00f3 descender pero solo se logr\u00f3 llegar a la mitad, este martes 4 de Junio, se pudo bajar y se comenz\u00f3 a trabajar.<\/p>\n<p>Encabeza trabajos de b\u00fasqueda,\u00a0 la Comisi\u00f3n Estatal de B\u00fasqueda y la Fiscal\u00eda de desaparecidos de la fiscal\u00eda con el Colectivo \u00a0\u201cVoz y Dignidad de San Luis Potos\u00ed\u201d.<\/p>\n<p>P\u00e9rez Rodr\u00edguez, dijo que esto es \u00a0el resultado de denuncias de desaparecidos que no se atend\u00edan \u00a0y los ciudadanos vienen con el Colectivo y pide ayuda, con anticipaci\u00f3n se realiza realiz\u00f3 un mapeo del lugar, empiezan a organizar los tr\u00e1mites para poder\u00a0 llevar acabo la diligencia como debe de ser.<\/p>\n<p>En caso espec\u00edfico de Tamasopo, se tienen reportados como desaparecidos a 15 casos, que pudieran quedar ah\u00ed, porque la gente tiene miedo denunciar y como \u201ccolectivo\u201d se denuncia, se tiene la confianza de que se tengan resultados positivos en esos S\u00f3tanos y tambi\u00e9n se est\u00e1n sumando personas que no son del Colectivo pero tienen personas desaparecidas.<\/p>\n<p>Por otra parte, familiares de personas desaparecidas de este municipio se han acercado al Colectivo, ya que tienen a\u00f1os buscando a sus familiares y nadie los atend\u00eda.<\/p>\n<p>Por \u00faltimo, el operativo de b\u00fasqueda de restos humanos en los S\u00f3tanos de la comunidad La Vieja, genero especulaciones entre los habitantes de Tamasopo, ya que por a\u00f1os familiares de desaparecidos han tocado puerta de las autoridades y finalmente son atendidos.<\/p>\n<p>&nbsp;<\/p>\n<p>&#8212;<\/p>\n","protected":false},"excerpt":{"rendered":"<p>Tamasopo.- Edith P\u00e9rez Rodr\u00edguez, Presidenta del Colectivo \u201cVoz y Dignidad de San Luis Potos\u00ed\u201d, confirm\u00f3 a \u201cAmanecer Huasteco\u201d, que esta semana personal especializado estar\u00e1 en el municipio de Tamasopo, en busca de restos humanos en dos s\u00f3tanos ubicados en la comunidad la \u201cVieja\u201d. En entrevista, &hellip; <\/p>\n","protected":false},"author":1,"featured_media":36542,"comment_status":"open","ping_status":"open","sticky":false,"template":"","format":"standard","meta":{"footnotes":""},"categories":[7,23,11,4,12,19,5,21],"tags":[],"class_list":["post-36532","post","type-post","status-publish","format-standard","has-post-thumbnail","hentry","category-ciudad","category-congreso","category-estado","category-inicio","category-nacional","category-policia","category-politica","category-tamasopo"],"_links":{"self":[{"href":"https:\/\/amanecerhuasteco.com\/portal\/wp-json\/wp\/v2\/posts\/36532","targetHints":{"allow":["GET"]}}],"collection":[{"href":"https:\/\/amanecerhuasteco.com\/portal\/wp-json\/wp\/v2\/posts"}],"about":[{"href":"https:\/\/amanecerhuasteco.com\/portal\/wp-json\/wp\/v2\/types\/post"}],"author":[{"embeddable":true,"href":"https:\/\/amanecerhuasteco.com\/portal\/wp-json\/wp\/v2\/users\/1"}],"replies":[{"embeddable":true,"href":"https:\/\/amanecerhuasteco.com\/portal\/wp-json\/wp\/v2\/comments?post=36532"}],"version-history":[{"count":3,"href":"https:\/\/amanecerhuasteco.com\/portal\/wp-json\/wp\/v2\/posts\/36532\/revisions"}],"predecessor-version":[{"id":36545,"href":"https:\/\/amanecerhuasteco.com\/portal\/wp-json\/wp\/v2\/posts\/36532\/revisions\/36545"}],"wp:featuredmedia":[{"embeddable":true,"href":"https:\/\/amanecerhuasteco.com\/portal\/wp-json\/wp\/v2\/media\/36542"}],"wp:attachment":[{"href":"https:\/\/amanecerhuasteco.com\/portal\/wp-json\/wp\/v2\/media?parent=36532"}],"wp:term":[{"taxonomy":"category","embeddable":true,"href":"https:\/\/amanecerhuasteco.com\/portal\/wp-json\/wp\/v2\/categories?post=36532"},{"taxonomy":"post_tag","embeddable":true,"href":"https:\/\/amanecerhuasteco.com\/portal\/wp-json\/wp\/v2\/tags?post=36532"}],"curies":[{"name":"wp","href":"https:\/\/api.w.org\/{rel}","templated":true}]}}