{"id":36585,"date":"2019-06-06T05:57:02","date_gmt":"2019-06-06T11:57:02","guid":{"rendered":"http:\/\/amanecerhuasteco.com\/portal\/?p=36585"},"modified":"2019-06-06T05:57:02","modified_gmt":"2019-06-06T11:57:02","slug":"fiscalia-no-dejo-en-libertad-a-hijo-de-jefe-policial-y-tres-implicados-mas-en-un-robo-vicefiscal","status":"publish","type":"post","link":"https:\/\/amanecerhuasteco.com\/portal\/fiscalia-no-dejo-en-libertad-a-hijo-de-jefe-policial-y-tres-implicados-mas-en-un-robo-vicefiscal\/","title":{"rendered":"Fiscal\u00eda no dej\u00f3 en libertad a hijo de jefe policial y tres implicados m\u00e1s en un robo: Vicefiscal"},"content":{"rendered":"<p>&nbsp;<\/p>\n<p>Se han generado versiones incorrectas, pues la Fiscal\u00eda los vincul\u00f3 a proceso<\/p>\n<p>Los imputados se adhirieron a una suspensi\u00f3n condicional del proceso<\/p>\n<p>San Luis Potos\u00ed.- El vicefiscal Aar\u00f3n Edmundo Castro S\u00e1nchez aclar\u00f3 que la Fiscal\u00eda General del Estado de San Luis Potos\u00ed (FGESLP) no puso en libertad a los cuatro implicados en un robo ocurrido en la colonia Alamitos, perteneciente a la capital potosina, en donde est\u00e1 involucrado un hijo de un jefe policial,\u00a0 como se asegur\u00f3 hace unos d\u00edas.<\/p>\n<p>\u201cSe ha generado una serie de datos incorrectos, primero la Fiscal\u00eda no los liber\u00f3 como alguien lo se\u00f1al\u00f3 indebidamente, contrario a ello, nosotros llevamos a cabo el procedimiento y fueron puestos a disposici\u00f3n del Juez de Control, que en la primera etapa realiz\u00f3 el control de la legalidad de la detenci\u00f3n, clasificando que hay un elemento de flagrancia y por ello la defensa pide una ampliaci\u00f3n de plazo y despu\u00e9s se lleva a cabo la continuaci\u00f3n de la audiencia de imputaci\u00f3n, posteriormente la de vinculaci\u00f3n, donde se logra la vinculaci\u00f3n a proceso\u201d<\/p>\n<p>Castro S\u00e1nchez explic\u00f3 que la defensa de los cuatro presuntos solicit\u00f3 al Juez la Suspensi\u00f3n Condicional del Proceso, la cual fue aceptada por la autoridad y por la v\u00edctima, dictando al menos seis medidas cautelares que deber\u00e1n cumplir los se\u00f1alados en el tiempo estipulado por la autoridad judicial.<\/p>\n<p>\u201cEs un plazo de ocho meses el que fijo el juez, se realiz\u00f3 la reparaci\u00f3n integral del da\u00f1o en favor de la v\u00edctima, por esta raz\u00f3n se benefician de esta medida\u201d, aclar\u00f3 el funcionario.<\/p>\n<p>Explic\u00f3 que los implicados cumpl\u00edan con los requisitos que marca la ley para recurrir a ese recurso que marca la ley, ya que ninguno contaba con antecedentes penales; de igual manera se\u00f1al\u00f3 que ser\u00e1 la Unidad de Medidas Cautelares la cual pertenece a la Secretar\u00eda de Seguridad P\u00fablica la que le d\u00e9 seguimiento a trav\u00e9s de la supervisi\u00f3n y de su cumplimiento.<\/p>\n<p>\u201cEs un asunto al que se le est\u00e1 dando salida conforme a la ley,\u00a0 si cumplen con las condiciones\u00a0 de la suspensi\u00f3n el asunto se concluir\u00e1, es la posibilidad que tenemos todos de acceso a la justicia\u201d, sino las cumplen, se les revoca lo dictado por el juez.<\/p>\n<p>Ante los rumores sobre la supuesta fianza pagada por los se\u00f1alados, aclar\u00f3 que los diez mil pesos fijados por el Juez fueron entregados a la v\u00edctima como reparaci\u00f3n del da\u00f1o, ya que las fianzas ya no existen en este sistema penal acusatorio, condici\u00f3n necesaria para que los implicados contin\u00faen su proceso en libertad, recordando que se encuentran vinculados.<\/p>\n<p>&#8212;<\/p>\n","protected":false},"excerpt":{"rendered":"<p>&nbsp; Se han generado versiones incorrectas, pues la Fiscal\u00eda los vincul\u00f3 a proceso Los imputados se adhirieron a una suspensi\u00f3n condicional del proceso San Luis Potos\u00ed.- El vicefiscal Aar\u00f3n Edmundo Castro S\u00e1nchez aclar\u00f3 que la Fiscal\u00eda General del Estado de San Luis Potos\u00ed (FGESLP) no &hellip; <\/p>\n","protected":false},"author":1,"featured_media":36586,"comment_status":"open","ping_status":"open","sticky":false,"template":"","format":"standard","meta":{"footnotes":""},"categories":[11,4,19],"tags":[],"class_list":["post-36585","post","type-post","status-publish","format-standard","has-post-thumbnail","hentry","category-estado","category-inicio","category-policia"],"_links":{"self":[{"href":"https:\/\/amanecerhuasteco.com\/portal\/wp-json\/wp\/v2\/posts\/36585","targetHints":{"allow":["GET"]}}],"collection":[{"href":"https:\/\/amanecerhuasteco.com\/portal\/wp-json\/wp\/v2\/posts"}],"about":[{"href":"https:\/\/amanecerhuasteco.com\/portal\/wp-json\/wp\/v2\/types\/post"}],"author":[{"embeddable":true,"href":"https:\/\/amanecerhuasteco.com\/portal\/wp-json\/wp\/v2\/users\/1"}],"replies":[{"embeddable":true,"href":"https:\/\/amanecerhuasteco.com\/portal\/wp-json\/wp\/v2\/comments?post=36585"}],"version-history":[{"count":1,"href":"https:\/\/amanecerhuasteco.com\/portal\/wp-json\/wp\/v2\/posts\/36585\/revisions"}],"predecessor-version":[{"id":36587,"href":"https:\/\/amanecerhuasteco.com\/portal\/wp-json\/wp\/v2\/posts\/36585\/revisions\/36587"}],"wp:featuredmedia":[{"embeddable":true,"href":"https:\/\/amanecerhuasteco.com\/portal\/wp-json\/wp\/v2\/media\/36586"}],"wp:attachment":[{"href":"https:\/\/amanecerhuasteco.com\/portal\/wp-json\/wp\/v2\/media?parent=36585"}],"wp:term":[{"taxonomy":"category","embeddable":true,"href":"https:\/\/amanecerhuasteco.com\/portal\/wp-json\/wp\/v2\/categories?post=36585"},{"taxonomy":"post_tag","embeddable":true,"href":"https:\/\/amanecerhuasteco.com\/portal\/wp-json\/wp\/v2\/tags?post=36585"}],"curies":[{"name":"wp","href":"https:\/\/api.w.org\/{rel}","templated":true}]}}