{"id":36614,"date":"2019-06-10T06:18:14","date_gmt":"2019-06-10T12:18:14","guid":{"rendered":"http:\/\/amanecerhuasteco.com\/portal\/?p=36614"},"modified":"2019-06-10T06:18:14","modified_gmt":"2019-06-10T12:18:14","slug":"se-instalaran-en-slp-3-coordinaciones-regionales-de-la-guardia-nacional-jm-carreras","status":"publish","type":"post","link":"https:\/\/amanecerhuasteco.com\/portal\/se-instalaran-en-slp-3-coordinaciones-regionales-de-la-guardia-nacional-jm-carreras\/","title":{"rendered":"Se instalar\u00e1n en SLP 3 coordinaciones regionales de la Guard\u00eda Nacional: JM Carreras  \u00a0"},"content":{"rendered":"<p><strong>\u00a0<\/strong><\/p>\n<p>&nbsp;<\/p>\n<ul>\n<li><strong>Asiste mandatario estatal a la Reuni\u00f3n de Coordinaci\u00f3n Regional de la Zona IV Noreste. <\/strong><\/li>\n<\/ul>\n<p>Monterrey, N.L., &#8211; Tras asistir a la Reuni\u00f3n de Coordinaci\u00f3n Regional de la Zona IV Noreste, encabezada por el Secretario de Seguridad y Protecci\u00f3n Ciudadana, Alfonso Durazo Monta\u00f1o, el Gobernador de San Luis Potos\u00ed, Juan Manuel Carreras L\u00f3pez, dio a conocer que se establecer\u00e1n en la entidad tres coordinaciones regionales de la Guardia Nacional, que permitir\u00e1 fortalecer los esquenas de cooperaci\u00f3n a favor de las familias potosinas.<\/p>\n<p>El mandatario estatal indic\u00f3 que gracias a este tipo de reuniones, se establecen las bases de an\u00e1lisis para el Modelo Nacional de Polic\u00eda.<\/p>\n<p>Agreg\u00f3 que estos encuentros consolidan los puntos fundamentales tocantes a la seguridad en especifico, en la regi\u00f3n, para homologar la capacitaci\u00f3n, profesionalizaci\u00f3n y -progresivamente- las percepciones y prestaciones policiales.<\/p>\n<p>Al respecto, Durazo Monta\u00f1o indic\u00f3 que el objetivo de la federaci\u00f3n en conjunto con los estados es sentar las bases para reducir la incidencia delictiva, en relaci\u00f3n a las regiones y su numero de densidad poblacional.<\/p>\n<p>Adem\u00e1s se abordaron temas como los retos en el Sistema Penitenciario el fortalecimiento de la coordinaci\u00f3n.<\/p>\n<p>Estuvieron presentes los gobernadores de Nuevo Le\u00f3n Jaime Rodr\u00edguez Calder\u00f3n; de Coahuila, Miguel \u00c1ngel Riquelme; de Tamaulipas, Francisco Garc\u00eda Cabeza de Vaca; de Durango, Jos\u00e9 Rosas Auipuru y Clara Luz Flores, Presidenta de la Conferencia Nacional de Presidentes Municipales.<\/p>\n<p>De la misma manera, los Secretarios de la Defensa Nacional, Luis Crescencio Sandoval y de la Marina, Jos\u00e9 Rafael Ojeda.<\/p>\n<p>&nbsp;<\/p>\n","protected":false},"excerpt":{"rendered":"<p>\u00a0 &nbsp; Asiste mandatario estatal a la Reuni\u00f3n de Coordinaci\u00f3n Regional de la Zona IV Noreste. Monterrey, N.L., &#8211; Tras asistir a la Reuni\u00f3n de Coordinaci\u00f3n Regional de la Zona IV Noreste, encabezada por el Secretario de Seguridad y Protecci\u00f3n Ciudadana, Alfonso Durazo Monta\u00f1o, el &hellip; <\/p>\n","protected":false},"author":1,"featured_media":36615,"comment_status":"open","ping_status":"open","sticky":false,"template":"","format":"standard","meta":{"footnotes":""},"categories":[23,11,4,12,19,5],"tags":[],"class_list":["post-36614","post","type-post","status-publish","format-standard","has-post-thumbnail","hentry","category-congreso","category-estado","category-inicio","category-nacional","category-policia","category-politica"],"_links":{"self":[{"href":"https:\/\/amanecerhuasteco.com\/portal\/wp-json\/wp\/v2\/posts\/36614","targetHints":{"allow":["GET"]}}],"collection":[{"href":"https:\/\/amanecerhuasteco.com\/portal\/wp-json\/wp\/v2\/posts"}],"about":[{"href":"https:\/\/amanecerhuasteco.com\/portal\/wp-json\/wp\/v2\/types\/post"}],"author":[{"embeddable":true,"href":"https:\/\/amanecerhuasteco.com\/portal\/wp-json\/wp\/v2\/users\/1"}],"replies":[{"embeddable":true,"href":"https:\/\/amanecerhuasteco.com\/portal\/wp-json\/wp\/v2\/comments?post=36614"}],"version-history":[{"count":1,"href":"https:\/\/amanecerhuasteco.com\/portal\/wp-json\/wp\/v2\/posts\/36614\/revisions"}],"predecessor-version":[{"id":36616,"href":"https:\/\/amanecerhuasteco.com\/portal\/wp-json\/wp\/v2\/posts\/36614\/revisions\/36616"}],"wp:featuredmedia":[{"embeddable":true,"href":"https:\/\/amanecerhuasteco.com\/portal\/wp-json\/wp\/v2\/media\/36615"}],"wp:attachment":[{"href":"https:\/\/amanecerhuasteco.com\/portal\/wp-json\/wp\/v2\/media?parent=36614"}],"wp:term":[{"taxonomy":"category","embeddable":true,"href":"https:\/\/amanecerhuasteco.com\/portal\/wp-json\/wp\/v2\/categories?post=36614"},{"taxonomy":"post_tag","embeddable":true,"href":"https:\/\/amanecerhuasteco.com\/portal\/wp-json\/wp\/v2\/tags?post=36614"}],"curies":[{"name":"wp","href":"https:\/\/api.w.org\/{rel}","templated":true}]}}