{"id":36650,"date":"2019-06-10T07:53:53","date_gmt":"2019-06-10T13:53:53","guid":{"rendered":"http:\/\/amanecerhuasteco.com\/portal\/?p=36650"},"modified":"2019-06-10T07:53:53","modified_gmt":"2019-06-10T13:53:53","slug":"falso-que-se-hayan-encontrado-restos-humanos-en-sotanos-de-la-vieja-edith-perez","status":"publish","type":"post","link":"https:\/\/amanecerhuasteco.com\/portal\/falso-que-se-hayan-encontrado-restos-humanos-en-sotanos-de-la-vieja-edith-perez\/","title":{"rendered":"Falso que se hayan encontrado restos humanos en S\u00f3tanos de La Vieja: Edith P\u00e9rez"},"content":{"rendered":"<p>&nbsp;<\/p>\n<p>Tamasopo.- Edith P\u00e9rez Rodr\u00edguez, presidenta del Colectivo Voz y Dignidad de San Luis Potos\u00ed, que encabeza la b\u00fasqueda de personas desaparecidas dijo que a petici\u00f3n de las familias y por algunos indicios se decidi\u00f3 realizar una b\u00fasqueda el pasado lunes 3 de junio en el municipio de Tamasopo, en donde se tiene reportada la desaparici\u00f3n de cuanto menos 15 personas.<\/p>\n<p>En entrevista exclusiva con Amanecer Huasteco, P\u00e9rez Rodr\u00edguez, dijo que algunos medios de comunicaci\u00f3n dieron a conocer el hallazgo de 5 cuerpos en los s\u00f3tanos de La Vieja sin embargo es falso, ya que no se encontr\u00f3 nada.<\/p>\n<p>Dijo textualmente:\u00a0 \u201cDescartamos el lugar, que s\u00ed estuvo s\u00faper dif\u00edcil de acceder al sitio y que si alguna vez ah\u00ed los dejaron los huecos de las rocas el tiradero frecuente de basura la erosi\u00f3n y roedores dificulta encontrarlos pero sobre todo la pendiente tan dif\u00edcil con rocas sueltas\u201d.<\/p>\n<p>Por lo dif\u00edcil del terreno\u00a0 dijo \u201cHubo que traer al equipo especial de Protecci\u00f3n Civil de SLP y el equipa\u00a0 de bomberos de Ciudad Fern\u00e1ndez, muy solidarios y parte del colectivo se puede decir, pero sobre todo muy profesionales\u201d.<\/p>\n<p>Por \u00faltimo, la Presidenta del Colectivo Voz y Dignidad, Edith P\u00e9rez Rodr\u00edguez indic\u00f3 que la b\u00fasqueda continuara en base a otros indicios aportados por los propios familiares.<\/p>\n<p>&nbsp;<\/p>\n<p>&#8212;<\/p>\n","protected":false},"excerpt":{"rendered":"<p>&nbsp; Tamasopo.- Edith P\u00e9rez Rodr\u00edguez, presidenta del Colectivo Voz y Dignidad de San Luis Potos\u00ed, que encabeza la b\u00fasqueda de personas desaparecidas dijo que a petici\u00f3n de las familias y por algunos indicios se decidi\u00f3 realizar una b\u00fasqueda el pasado lunes 3 de junio en &hellip; <\/p>\n","protected":false},"author":1,"featured_media":36651,"comment_status":"open","ping_status":"open","sticky":false,"template":"","format":"standard","meta":{"footnotes":""},"categories":[7,23,11,4,12,19,5],"tags":[],"class_list":["post-36650","post","type-post","status-publish","format-standard","has-post-thumbnail","hentry","category-ciudad","category-congreso","category-estado","category-inicio","category-nacional","category-policia","category-politica"],"_links":{"self":[{"href":"https:\/\/amanecerhuasteco.com\/portal\/wp-json\/wp\/v2\/posts\/36650","targetHints":{"allow":["GET"]}}],"collection":[{"href":"https:\/\/amanecerhuasteco.com\/portal\/wp-json\/wp\/v2\/posts"}],"about":[{"href":"https:\/\/amanecerhuasteco.com\/portal\/wp-json\/wp\/v2\/types\/post"}],"author":[{"embeddable":true,"href":"https:\/\/amanecerhuasteco.com\/portal\/wp-json\/wp\/v2\/users\/1"}],"replies":[{"embeddable":true,"href":"https:\/\/amanecerhuasteco.com\/portal\/wp-json\/wp\/v2\/comments?post=36650"}],"version-history":[{"count":2,"href":"https:\/\/amanecerhuasteco.com\/portal\/wp-json\/wp\/v2\/posts\/36650\/revisions"}],"predecessor-version":[{"id":36653,"href":"https:\/\/amanecerhuasteco.com\/portal\/wp-json\/wp\/v2\/posts\/36650\/revisions\/36653"}],"wp:featuredmedia":[{"embeddable":true,"href":"https:\/\/amanecerhuasteco.com\/portal\/wp-json\/wp\/v2\/media\/36651"}],"wp:attachment":[{"href":"https:\/\/amanecerhuasteco.com\/portal\/wp-json\/wp\/v2\/media?parent=36650"}],"wp:term":[{"taxonomy":"category","embeddable":true,"href":"https:\/\/amanecerhuasteco.com\/portal\/wp-json\/wp\/v2\/categories?post=36650"},{"taxonomy":"post_tag","embeddable":true,"href":"https:\/\/amanecerhuasteco.com\/portal\/wp-json\/wp\/v2\/tags?post=36650"}],"curies":[{"name":"wp","href":"https:\/\/api.w.org\/{rel}","templated":true}]}}