{"id":37035,"date":"2019-06-24T13:13:18","date_gmt":"2019-06-24T19:13:18","guid":{"rendered":"http:\/\/amanecerhuasteco.com\/portal\/?p=37035"},"modified":"2019-06-24T14:28:53","modified_gmt":"2019-06-24T20:28:53","slug":"fredy-safi-acosta-nuevo-delegado-estatal-interino-de-la-union-nacional-de-caneros-cnpr","status":"publish","type":"post","link":"https:\/\/amanecerhuasteco.com\/portal\/fredy-safi-acosta-nuevo-delegado-estatal-interino-de-la-union-nacional-de-caneros-cnpr\/","title":{"rendered":"Fredy Safi Acosta, nuevo delegado estatal interino de la Uni\u00f3n Nacional de Ca\u00f1eros CNPR"},"content":{"rendered":"<p>&nbsp;<\/p>\n<p>-Habr\u00eda elecci\u00f3n en el mes de Julio<\/p>\n<p>San Luis Potos\u00ed.- De acuerdo a informaci\u00f3n obtenida por \u201cAmanecer Huasteco\u201d, trascendi\u00f3 que el pasado jueves 13 de junio en la Ciudad de M\u00e9xico se llev\u00f3 a cabo una reuni\u00f3n donde estuvieron presentes los dirigentes de las Asociaciones Locales Ca\u00f1eras CNPR en reuni\u00f3n con el dirigente nacional, Carlos Blackaller Ayala, teniendo como tema principal la designaci\u00f3n del \u201cDelegado Estatal\u201d para San Luis Potos\u00ed de esa organizaci\u00f3n.<\/p>\n<p>De manera extraoficial se conoci\u00f3 que estuvieron presentes en la Ciudad de M\u00e9xico, Rene Gonz\u00e1lez, Fernando Ocejo Robaina, Edgar Larraga de la Asociaci\u00f3n Local de Ca\u00f1eros CNPR\u00a0 de Plan de San Luis, as\u00ed como Baltasar Jos\u00e9 Luis Pe\u00f1a, V\u00edctor Alanis de la Asociaci\u00f3n Local de Ca\u00f1eros CNPR de Alianza Popular, y por la Delegaci\u00f3n CNPR del Naranjo, Juan Manuel Guerra, teniendo como \u00fanico punto la elecci\u00f3n del \u201cDelegado Estatal para San Luis Potos\u00ed\u201d de la CNPR.<\/p>\n<p>Este medio se comunic\u00f3 con funcionarios de la Uni\u00f3n Nacional de Ca\u00f1eros para confirmar desmentir esta \u00a0informaci\u00f3n, se\u00f1alando que se comunicar\u00edan al d\u00eda siguiente, pero ya paso una semana y el rumor se ha incrementado.<\/p>\n<p>As\u00ed mismo, dirigentes ca\u00f1eros CNPR que pidieron mantener su nombre en el anonimato, se\u00f1alaron que si es importante se cuente con un representante estatal del sector ca\u00f1ero CNPR, pero aun no se inclinan por nadie en particular, porque dijo textualmente \u201cApenas nos estamos poniendo de acuerdo, estamos en reuniones las agrupaciones pidiendo la convocatoria a la Uni\u00f3n Nacional para renovar la estatal y se est\u00e1 en pl\u00e1ticas para lograr una plantilla de unidad, y se pretende buscar la mejor opci\u00f3n dadas las circunstancias\u201d.<\/p>\n<p>Estas agrupaci\u00f3n ca\u00f1era representan miles de socios productores de ca\u00f1a que representan en general el 50% de la producci\u00f3n de ca\u00f1a y por ende de la econom\u00eda de la regi\u00f3n huasteca, cabe se\u00f1alar que renunciaron a la UNC, productores ca\u00f1eros de Plan de Ayala y el Naranjo, quienes acusaron a su dirigente de no atenderlos, malos manejos, entre otras irregularidades.<\/p>\n<p>Por \u00faltimo Fredy Safi Acosta, es hijo del extinto dirigente estatal ca\u00f1ero CNPR, Fed\u00e9rico Safi Chagnon, una persona respetada que siempre se preocup\u00f3 por los productores de ca\u00f1a en general y fue uno de los principales gestores de obras de gran impacto de la regi\u00f3n huasteca.<\/p>\n<p>&nbsp;<\/p>\n<p>&#8212;<\/p>\n<p>&nbsp;<\/p>\n","protected":false},"excerpt":{"rendered":"<p>&nbsp; -Habr\u00eda elecci\u00f3n en el mes de Julio San Luis Potos\u00ed.- De acuerdo a informaci\u00f3n obtenida por \u201cAmanecer Huasteco\u201d, trascendi\u00f3 que el pasado jueves 13 de junio en la Ciudad de M\u00e9xico se llev\u00f3 a cabo una reuni\u00f3n donde estuvieron presentes los dirigentes de las &hellip; <\/p>\n","protected":false},"author":1,"featured_media":37036,"comment_status":"open","ping_status":"open","sticky":false,"template":"","format":"standard","meta":{"footnotes":""},"categories":[14,29,11,4,12,19],"tags":[],"class_list":["post-37035","post","type-post","status-publish","format-standard","has-post-thumbnail","hentry","category-caneros","category-cnpr","category-estado","category-inicio","category-nacional","category-policia"],"_links":{"self":[{"href":"https:\/\/amanecerhuasteco.com\/portal\/wp-json\/wp\/v2\/posts\/37035","targetHints":{"allow":["GET"]}}],"collection":[{"href":"https:\/\/amanecerhuasteco.com\/portal\/wp-json\/wp\/v2\/posts"}],"about":[{"href":"https:\/\/amanecerhuasteco.com\/portal\/wp-json\/wp\/v2\/types\/post"}],"author":[{"embeddable":true,"href":"https:\/\/amanecerhuasteco.com\/portal\/wp-json\/wp\/v2\/users\/1"}],"replies":[{"embeddable":true,"href":"https:\/\/amanecerhuasteco.com\/portal\/wp-json\/wp\/v2\/comments?post=37035"}],"version-history":[{"count":2,"href":"https:\/\/amanecerhuasteco.com\/portal\/wp-json\/wp\/v2\/posts\/37035\/revisions"}],"predecessor-version":[{"id":37043,"href":"https:\/\/amanecerhuasteco.com\/portal\/wp-json\/wp\/v2\/posts\/37035\/revisions\/37043"}],"wp:featuredmedia":[{"embeddable":true,"href":"https:\/\/amanecerhuasteco.com\/portal\/wp-json\/wp\/v2\/media\/37036"}],"wp:attachment":[{"href":"https:\/\/amanecerhuasteco.com\/portal\/wp-json\/wp\/v2\/media?parent=37035"}],"wp:term":[{"taxonomy":"category","embeddable":true,"href":"https:\/\/amanecerhuasteco.com\/portal\/wp-json\/wp\/v2\/categories?post=37035"},{"taxonomy":"post_tag","embeddable":true,"href":"https:\/\/amanecerhuasteco.com\/portal\/wp-json\/wp\/v2\/tags?post=37035"}],"curies":[{"name":"wp","href":"https:\/\/api.w.org\/{rel}","templated":true}]}}