{"id":37232,"date":"2019-07-01T07:24:02","date_gmt":"2019-07-01T13:24:02","guid":{"rendered":"http:\/\/amanecerhuasteco.com\/portal\/?p=37232"},"modified":"2019-07-01T07:24:02","modified_gmt":"2019-07-01T13:24:02","slug":"guardia-nacional-permitira-fortalecer-las-acciones-de-seguridad-para-san-luis-potosi-jmcl","status":"publish","type":"post","link":"https:\/\/amanecerhuasteco.com\/portal\/guardia-nacional-permitira-fortalecer-las-acciones-de-seguridad-para-san-luis-potosi-jmcl\/","title":{"rendered":"Guardia nacional permitir\u00e1 fortalecer las acciones de seguridad para San Luis Potos\u00ed: JMCL"},"content":{"rendered":"<p><img decoding=\"async\" class=\"alignnone size-medium wp-image-37234\" src=\"https:\/\/amanecerhuasteco.com\/portal\/wp-content\/uploads\/2019\/07\/1-7-19-Guardia-Nacional-300619-1-300x169.jpeg\" alt=\"\" width=\"300\" height=\"169\" \/><img decoding=\"async\" class=\"alignnone size-medium wp-image-37235\" src=\"https:\/\/amanecerhuasteco.com\/portal\/wp-content\/uploads\/2019\/07\/1-7-19-2-JMCL-Guardia-Nacional-300619-2-300x146.jpeg\" alt=\"\" width=\"300\" height=\"146\" \/><\/p>\n<ul>\n<li><strong>Llegar\u00e1n 800 elementos a San Luis Potos\u00ed que se distribuir\u00e1n de acuerdo a los \u00edndices delictivos de cada regi\u00f3n.<\/strong><\/li>\n<\/ul>\n<p>Ciudad de M\u00e9xico.- Tras la ceremonia de arranque de inauguraci\u00f3n de la Guardia Nacional, encabezada por el Presidente de M\u00e9xico, Andr\u00e9s Manuel L\u00f3pez Obrador, el Gobernador del Estado, Juan Manuel Carreras L\u00f3pez, dijo que el inicio de operaciones de esta nueva instituci\u00f3n permitir\u00e1 fortalecer las acciones de seguridad para la entidad.<\/p>\n<p>Esta ma\u00f1ana, el Gobernador del Estado, Juan Manuel Carreras L\u00f3pez, asisti\u00f3 al campo Militar Marte, en donde se realiz\u00f3 el abanderamiento para el inicio formal del despliegue de 51 mil 915 elementos militares, 12 mil 837 marinos y 17 mil 995 polic\u00edas federales, que conforman la Guardia Nacional (GN) en 150 regiones del pa\u00eds en su etapa inicial, para posteriormente llegar al objetivo de cubrir 266 regiones en todo el territorio mexicano.<\/p>\n<p>Carreras L\u00f3pez destac\u00f3 la importancia del trabajo de coordinaci\u00f3n entre los tres niveles de Gobierno en materia de Seguridad, destacando las reuniones diarias que desde el mes de diciembre se celebran todos los d\u00edas a primera hora.<\/p>\n<p>Agreg\u00f3 que la consolidaci\u00f3n y llegada de la Guardia Nacional al estado, permitir\u00e1 tener un despliegue operativo m\u00e1s eficiente en el combate al delito, y que conf\u00eda que estas acciones contribuir\u00e1n a disminuir los \u00edndices de inseguridad en el pa\u00eds.<\/p>\n<p>Para San Luis Potos\u00ed, se espera el arribo de 800 elementos de la Guardia Nacional que se distribuir\u00e1n en la entidad, de acuerdo con los \u00edndices delictivos que se registren en cada regi\u00f3n, cabe destacar que la capital del estado contar\u00e1 con un mayor n\u00famero de elementos.<\/p>\n<p>La Coordinaci\u00f3n estatal tendr\u00e1 800 efectivos y 80 unidades, y se establecen nueve cargos o niveles que incluyen: Comisarios, Inspectores, Subinspectores, Oficiales, Agentes, Subagentes y Guardias.<\/p>\n<p>Durante la ceremonia, el Comandante de la Guardia Nacional, Luis Rodr\u00edguez Bucio, manifest\u00f3 que la Guardia Nacional es una instituci\u00f3n de car\u00e1cter civil disciplinada y profesional cuyo objetivo es realizar funciones de seguridad p\u00fablica con el fin de salvaguardar la seguridad de la poblaci\u00f3n.<\/p>\n<p>Tambi\u00e9n tomaron la palabra el Secretario de la Defensa Nacional, Luis Crescencio Sandoval Gonz\u00e1lez y el Secretario de Marina, Jos\u00e9 Rafael Ojeda Dur\u00e1n, quienes se\u00f1alaron que realizar\u00edan su intervenci\u00f3n de manera conjunta, debido a la naturaleza de la concepci\u00f3n de la Guardia Nacional, pues conjunta es su visi\u00f3n sobre los avances del pa\u00eds y sobre los retos que est\u00e1n por venir.<\/p>\n<p>El Presidente de M\u00e9xico, Andr\u00e9s Manuel L\u00f3pez Obrador, expres\u00f3 que el inicio de las labores de la Guardia Nacional es un hecho hist\u00f3rico, e invit\u00f3 a sus integrantes a velar por la seguridad de los mexicanos y conducirse siempre de manera profesional, y destac\u00f3 la importancia que tiene el trabajo que realizar\u00e1n \u201ces una causa noble en beneficio de la naci\u00f3n, ustedes forman parte del pueblo, los soldados, los marinos, saben bien lo que sucede en nuestro pa\u00eds, conocen la realidad desde las comunidades, las colonias, los barrios de M\u00e9xico, saben que es necesario que logremos la paz y la tranquilidad\u201d.<\/p>\n<p>Cabe se\u00f1alar que para atender el territorio nacional la Guardia Nacional se organiz\u00f3 en batallones y 12 Coordinaciones Regionales.<\/p>\n<p>Entre los presentes a esta ceremonia estuvieron Beatriz Guti\u00e9rrez M\u00fcller, esposa del Presidente de M\u00e9xico Andr\u00e9s Manuel L\u00f3pez Obrador; Luis Crescencio Sandoval Gonz\u00e1lez, Secretario de la Defensa Nacional; Jos\u00e9 Rafael Ojeda Dur\u00e1n, Secretario de Marina; Alfonso Durazo Monta\u00f1o, Secretario de Seguridad y Protecci\u00f3n Ciudadana; Porfirio Mu\u00f1oz Ledo, Presidente de la Mesa Directiva de la C\u00e1mara de Diputados; Mart\u00ed Batres Guadarrama, Presidente de la Mesa Directiva de la C\u00e1mara de Senadores; Arturo Zald\u00edvar Lelo de Larrea, Presidente de la Suprema Corte de Justicia de la Naci\u00f3n; Luis Rodr\u00edguez Bucio, Comandante de la Guardia Nacional; Alejandro Hertz Manero, Fiscal General de la Rep\u00fablica; Olga S\u00e1nchez Cordero, Secretaria de Gobernaci\u00f3n, adem\u00e1s de todos los Gobernadores de los estados, y funcionarios de la Defensa Nacional y de la Marina.<\/p>\n<p>&nbsp;<\/p>\n","protected":false},"excerpt":{"rendered":"<p>Llegar\u00e1n 800 elementos a San Luis Potos\u00ed que se distribuir\u00e1n de acuerdo a los \u00edndices delictivos de cada regi\u00f3n. Ciudad de M\u00e9xico.- Tras la ceremonia de arranque de inauguraci\u00f3n de la Guardia Nacional, encabezada por el Presidente de M\u00e9xico, Andr\u00e9s Manuel L\u00f3pez Obrador, el Gobernador &hellip; <\/p>\n","protected":false},"author":1,"featured_media":37233,"comment_status":"open","ping_status":"open","sticky":false,"template":"","format":"standard","meta":{"footnotes":""},"categories":[7,11,4,12,19],"tags":[],"class_list":["post-37232","post","type-post","status-publish","format-standard","has-post-thumbnail","hentry","category-ciudad","category-estado","category-inicio","category-nacional","category-policia"],"_links":{"self":[{"href":"https:\/\/amanecerhuasteco.com\/portal\/wp-json\/wp\/v2\/posts\/37232","targetHints":{"allow":["GET"]}}],"collection":[{"href":"https:\/\/amanecerhuasteco.com\/portal\/wp-json\/wp\/v2\/posts"}],"about":[{"href":"https:\/\/amanecerhuasteco.com\/portal\/wp-json\/wp\/v2\/types\/post"}],"author":[{"embeddable":true,"href":"https:\/\/amanecerhuasteco.com\/portal\/wp-json\/wp\/v2\/users\/1"}],"replies":[{"embeddable":true,"href":"https:\/\/amanecerhuasteco.com\/portal\/wp-json\/wp\/v2\/comments?post=37232"}],"version-history":[{"count":1,"href":"https:\/\/amanecerhuasteco.com\/portal\/wp-json\/wp\/v2\/posts\/37232\/revisions"}],"predecessor-version":[{"id":37236,"href":"https:\/\/amanecerhuasteco.com\/portal\/wp-json\/wp\/v2\/posts\/37232\/revisions\/37236"}],"wp:featuredmedia":[{"embeddable":true,"href":"https:\/\/amanecerhuasteco.com\/portal\/wp-json\/wp\/v2\/media\/37233"}],"wp:attachment":[{"href":"https:\/\/amanecerhuasteco.com\/portal\/wp-json\/wp\/v2\/media?parent=37232"}],"wp:term":[{"taxonomy":"category","embeddable":true,"href":"https:\/\/amanecerhuasteco.com\/portal\/wp-json\/wp\/v2\/categories?post=37232"},{"taxonomy":"post_tag","embeddable":true,"href":"https:\/\/amanecerhuasteco.com\/portal\/wp-json\/wp\/v2\/tags?post=37232"}],"curies":[{"name":"wp","href":"https:\/\/api.w.org\/{rel}","templated":true}]}}