{"id":39939,"date":"2019-10-02T07:02:12","date_gmt":"2019-10-02T13:02:12","guid":{"rendered":"http:\/\/amanecerhuasteco.com\/portal\/?p=39939"},"modified":"2019-10-02T07:02:12","modified_gmt":"2019-10-02T13:02:12","slug":"una-mujer-fallecida-y-6-lesionados-fue-el-saldo-de-accidente-en-la-autopista-valles-rayon","status":"publish","type":"post","link":"https:\/\/amanecerhuasteco.com\/portal\/una-mujer-fallecida-y-6-lesionados-fue-el-saldo-de-accidente-en-la-autopista-valles-rayon\/","title":{"rendered":"Una mujer fallecida y 6 lesionados fue el saldo de accidente en la autopista Valles-Ray\u00f3n"},"content":{"rendered":"<p><img decoding=\"async\" class=\"alignnone size-medium wp-image-39941\" src=\"https:\/\/amanecerhuasteco.com\/portal\/wp-content\/uploads\/2019\/10\/2-10-19-cta-placas-300x169.jpg\" alt=\"\" width=\"300\" height=\"169\" \/><\/p>\n<p>Ciudad Valles.- Una persona sin vida y varios lesionados fue el saldo de un accidente ocurrido la ma\u00f1ana de este mi\u00e9rcoles en la Autopista Valles-Ray\u00f3n, al salirse de la carretera una camioneta.<\/p>\n<p>De acuerdo a informaci\u00f3n obtenida por Amanecer Huasteco, el accidente ocurri\u00f3 en el kil\u00f3metro 23 de la Autopista Valles-Ray\u00f3n, en punto de las 6 de la ma\u00f1ana, cuando se desplazaban con rumbo a Ciudad Valles una familia originaria de la capital potosina cuando sufrieron un accidente a la altura de \u201cCanoas\u201d.<\/p>\n<p>Aunque las causas no est\u00e1n definidas, se inform\u00f3 que se trato de una camioneta Chevrolet cerrada color arena con placas de circulaci\u00f3n UXW-521-A, que se sali\u00f3 del camino y se volc\u00f3 en una pendiente de varios metros.<\/p>\n<p>Al lugar se presentaron param\u00e9dicos de la Autovia, quienes solicitaron apoyos a cuerpos de auxilio, debido a que se requer\u00edan maniobras para rescatar a los lesionados y una persona fallecida en el interior.<\/p>\n<p>Se identific\u00f3 al conductor de la camioneta como Joel Mateos Dominguez de 50 a\u00f1os de edad con domicilio en Avenida M\u00e9xico 396 colonia Popular de San Luis Potos\u00ed, quien informo que 7 personas viajaban en la unidad que conduc\u00eda.<\/p>\n<p>Por \u00faltimo, personal de servicios periciales acudieron a dar fe de quien fue identificada como Isabel Dominguez Morales de 50 a\u00f1os de edad.<\/p>\n<p>&#8212;<\/p>\n","protected":false},"excerpt":{"rendered":"<p>Ciudad Valles.- Una persona sin vida y varios lesionados fue el saldo de un accidente ocurrido la ma\u00f1ana de este mi\u00e9rcoles en la Autopista Valles-Ray\u00f3n, al salirse de la carretera una camioneta. De acuerdo a informaci\u00f3n obtenida por Amanecer Huasteco, el accidente ocurri\u00f3 en el &hellip; <\/p>\n","protected":false},"author":1,"featured_media":39940,"comment_status":"open","ping_status":"open","sticky":false,"template":"","format":"standard","meta":{"footnotes":""},"categories":[7,11,4,19,21],"tags":[],"class_list":["post-39939","post","type-post","status-publish","format-standard","has-post-thumbnail","hentry","category-ciudad","category-estado","category-inicio","category-policia","category-tamasopo"],"_links":{"self":[{"href":"https:\/\/amanecerhuasteco.com\/portal\/wp-json\/wp\/v2\/posts\/39939","targetHints":{"allow":["GET"]}}],"collection":[{"href":"https:\/\/amanecerhuasteco.com\/portal\/wp-json\/wp\/v2\/posts"}],"about":[{"href":"https:\/\/amanecerhuasteco.com\/portal\/wp-json\/wp\/v2\/types\/post"}],"author":[{"embeddable":true,"href":"https:\/\/amanecerhuasteco.com\/portal\/wp-json\/wp\/v2\/users\/1"}],"replies":[{"embeddable":true,"href":"https:\/\/amanecerhuasteco.com\/portal\/wp-json\/wp\/v2\/comments?post=39939"}],"version-history":[{"count":2,"href":"https:\/\/amanecerhuasteco.com\/portal\/wp-json\/wp\/v2\/posts\/39939\/revisions"}],"predecessor-version":[{"id":39943,"href":"https:\/\/amanecerhuasteco.com\/portal\/wp-json\/wp\/v2\/posts\/39939\/revisions\/39943"}],"wp:featuredmedia":[{"embeddable":true,"href":"https:\/\/amanecerhuasteco.com\/portal\/wp-json\/wp\/v2\/media\/39940"}],"wp:attachment":[{"href":"https:\/\/amanecerhuasteco.com\/portal\/wp-json\/wp\/v2\/media?parent=39939"}],"wp:term":[{"taxonomy":"category","embeddable":true,"href":"https:\/\/amanecerhuasteco.com\/portal\/wp-json\/wp\/v2\/categories?post=39939"},{"taxonomy":"post_tag","embeddable":true,"href":"https:\/\/amanecerhuasteco.com\/portal\/wp-json\/wp\/v2\/tags?post=39939"}],"curies":[{"name":"wp","href":"https:\/\/api.w.org\/{rel}","templated":true}]}}