{"id":41056,"date":"2019-11-07T08:01:23","date_gmt":"2019-11-07T14:01:23","guid":{"rendered":"http:\/\/amanecerhuasteco.com\/portal\/?p=41056"},"modified":"2019-11-07T08:01:23","modified_gmt":"2019-11-07T14:01:23","slug":"la-conferencia-internacional-sobre-seguridad-hidrica-y-cambio-climatico-celebrada-en-el-cc200-uaslp-resulto-todo-un-exito","status":"publish","type":"post","link":"https:\/\/amanecerhuasteco.com\/portal\/la-conferencia-internacional-sobre-seguridad-hidrica-y-cambio-climatico-celebrada-en-el-cc200-uaslp-resulto-todo-un-exito\/","title":{"rendered":"La Conferencia Internacional sobre Seguridad H\u00eddrica y Cambio Clim\u00e1tico celebrada en el CC200-UASLP result\u00f3 todo un \u00e9xito"},"content":{"rendered":"<p>&nbsp;<\/p>\n<p>-UASLP crea la Agenda Social para apoyar a la poblaci\u00f3n potosina y mexicana<\/p>\n<p>San Luis Potos\u00ed.- La Agenda Social de la UASLP aprobada en junio del 2019, es una propuesta de intervenci\u00f3n social que surge como una herramienta a trav\u00e9s de la cual las fortalezas acad\u00e9micas de la Universidad, participan activamente en el progreso social del pa\u00eds y el estado, apoyando a las localidades con mayor vulnerabilidad y con un enorme respeto a la observancia de los derechos humanos, inform\u00f3 el catedr\u00e1tico universitario, doctor Fernando D\u00edaz Barriga Mart\u00ednez.<\/p>\n<p>El Dr. D\u00edaz Barriga, abund\u00f3: \u201cPero la Agenda Social no parar\u00e1 en la creaci\u00f3n y aplicaci\u00f3n del conocimiento para reducir la inequidad, pues plantea formar cuadros en todos los niveles acad\u00e9micos de la universidad, incluso aplicando acciones de innovaci\u00f3n reciente, para construir capital humano de alta calidad que se inserte en acciones de acompa\u00f1amiento y poder as\u00ed mejorar las capacidades locales\u201d.<\/p>\n<p>El doctor D\u00edaz Barriga la defini\u00f3: \u201cLo mejor de la Universidad para los olvidados de siempre, porque no es una facultad o alg\u00fan Instituto, es toda la Universidad; la Agenda Social es una ruta acad\u00e9mica para generar paz estructural en SLP, M\u00e9xico y Am\u00e9rica Latina, todos sabemos que los rostros ocultos existen, y la UASLP ha decidido caminar por los senderos de esta entidad\u201d.<\/p>\n<p>Este nuevo espacio universitario ser\u00e1 desarrollado con tres programas, que se conformar\u00e1n a trav\u00e9s de cuadros multidisciplinarios con estudiantes de licenciatura y posgrado, ellos generar\u00e1n investigaci\u00f3n y conocimientos aplicando sus investigaciones a trav\u00e9s de tesis en comunidades, para formar recursos humanos y en las comunidades para que la gente sea capacitada y la generadora de su propio desarrollo, logrando as\u00ed el crecimiento ascendente que nunca se ha dado en el pa\u00eds.<\/p>\n<p>El doctor D\u00edaz Barriga sostuvo que ya hay un primer grupo conformado que es el que est\u00e1 trabajando en la Huasteca y la idea es ir conformando otros grupos m\u00e1s en los diferentes campus en la universidad para que todos se sumen y participen.<\/p>\n<p>&#8212;<\/p>\n","protected":false},"excerpt":{"rendered":"<p>&nbsp; -UASLP crea la Agenda Social para apoyar a la poblaci\u00f3n potosina y mexicana San Luis Potos\u00ed.- La Agenda Social de la UASLP aprobada en junio del 2019, es una propuesta de intervenci\u00f3n social que surge como una herramienta a trav\u00e9s de la cual las &hellip; <\/p>\n","protected":false},"author":1,"featured_media":41057,"comment_status":"open","ping_status":"open","sticky":false,"template":"","format":"standard","meta":{"footnotes":""},"categories":[11,4,12],"tags":[],"class_list":["post-41056","post","type-post","status-publish","format-standard","has-post-thumbnail","hentry","category-estado","category-inicio","category-nacional"],"_links":{"self":[{"href":"https:\/\/amanecerhuasteco.com\/portal\/wp-json\/wp\/v2\/posts\/41056","targetHints":{"allow":["GET"]}}],"collection":[{"href":"https:\/\/amanecerhuasteco.com\/portal\/wp-json\/wp\/v2\/posts"}],"about":[{"href":"https:\/\/amanecerhuasteco.com\/portal\/wp-json\/wp\/v2\/types\/post"}],"author":[{"embeddable":true,"href":"https:\/\/amanecerhuasteco.com\/portal\/wp-json\/wp\/v2\/users\/1"}],"replies":[{"embeddable":true,"href":"https:\/\/amanecerhuasteco.com\/portal\/wp-json\/wp\/v2\/comments?post=41056"}],"version-history":[{"count":1,"href":"https:\/\/amanecerhuasteco.com\/portal\/wp-json\/wp\/v2\/posts\/41056\/revisions"}],"predecessor-version":[{"id":41058,"href":"https:\/\/amanecerhuasteco.com\/portal\/wp-json\/wp\/v2\/posts\/41056\/revisions\/41058"}],"wp:featuredmedia":[{"embeddable":true,"href":"https:\/\/amanecerhuasteco.com\/portal\/wp-json\/wp\/v2\/media\/41057"}],"wp:attachment":[{"href":"https:\/\/amanecerhuasteco.com\/portal\/wp-json\/wp\/v2\/media?parent=41056"}],"wp:term":[{"taxonomy":"category","embeddable":true,"href":"https:\/\/amanecerhuasteco.com\/portal\/wp-json\/wp\/v2\/categories?post=41056"},{"taxonomy":"post_tag","embeddable":true,"href":"https:\/\/amanecerhuasteco.com\/portal\/wp-json\/wp\/v2\/tags?post=41056"}],"curies":[{"name":"wp","href":"https:\/\/api.w.org\/{rel}","templated":true}]}}