{"id":41118,"date":"2019-11-11T08:16:54","date_gmt":"2019-11-11T14:16:54","guid":{"rendered":"http:\/\/amanecerhuasteco.com\/portal\/?p=41118"},"modified":"2019-11-11T08:16:54","modified_gmt":"2019-11-11T14:16:54","slug":"entre-columnas-391","status":"publish","type":"post","link":"https:\/\/amanecerhuasteco.com\/portal\/entre-columnas-391\/","title":{"rendered":"ENTRE COLUMNAS"},"content":{"rendered":"<p>&nbsp;<\/p>\n<p><strong>\u00a0Cae el presupuesto\u00a0 para las finanzas del ayuntamiento Independiente, adoptan medidas\u00a0 dr\u00e1sticas de l\u00a0 gasto p\u00fablico, las principales causas son los <\/strong>\u00a0recortes presupuestales que \u00a0afectar\u00e1n las operaciones de las diferentes \u00e1reas del Municipio consecuencia de un ajuste cuatrimestral correspondiente a este a\u00f1o 2019, aplicado por \u00a0la Secretar\u00eda de Finanzas del Gobierno del Estado \u00a0al aplicar un recorte al presupuesto del Fondo General de Participaciones para Ciudad Valles, por m\u00e1s de 4 millones pesos.<\/p>\n<p>Un comunicado emitido por la Direcci\u00f3n de Recaudaci\u00f3n y Pol\u00edtica Fiscal a cargo de Enrique Alfonso de la Barrera Camacho, revela que la acci\u00f3n fue establecida en el marco de los compromisos derivados del Sistema Nacional de Coordinaci\u00f3n Fiscal al que incluye la entidad potosina de acuerdo a la Ley de Coordinaci\u00f3n Fiscal, donde se hace<\/p>\n<p>el c\u00e1lculo de participaciones por un ajuste cuatrimestral de este 2019 del Fondo General de Participaciones, arroja una diferencia para el municipio de Valles por la cantidad de 4 millones 418 mil 446.70 pesos, que ser\u00e1 aplicado en este mes de noviembre del 2019.<\/p>\n<p><strong>Por parte del gobierno municipal de Valles\u00a0 esta medida afectar\u00e1 en diferentes \u00e1reas de la administraci\u00f3n de tal suerte que\u00a0 ser\u00e1 necesario\u00a0 ejercer\u00a0 solo lo necesario focalizando\u00a0 las partidas\u00a0 sociales a l\u00a0 sector realmente vulnerable \u2013 dicen &#8211;<\/strong><\/p>\n<p><strong>++++++++++<\/strong><\/p>\n<p><strong>T<\/strong><strong>ENIS\u00a0 PANAM\u201d<\/strong><\/p>\n<p><strong>CALIDAD, ESTILOS Y PRECIO.<\/strong><\/p>\n<p><strong>Vis\u00edtanos. Madero 114 norte (entre Ju\u00e1rez y Escontr\u00eda) Cd. Valles SLP M\u00e9xico.<\/strong><\/p>\n<p><strong>++++++<\/strong><\/p>\n<p><strong>CREDITO INMEDIATO A JUBILADOS Y PENSIONADOS.<\/strong><\/p>\n<p><strong>del IMSS e ISSTE\u2026..R\u00e1pido confiable\u00a0\u00a0 buro flexible.<\/strong><\/p>\n<p><strong>Celular 4811039565\u2026.<\/strong><\/p>\n<p><strong>++++++++++++++<\/strong><\/p>\n<p><strong>TRASCENDENTAL\u00a0 CONGRESO INTERNACIONAL DE PERIODISTAS TURISTICOS.<\/strong><\/p>\n<p><strong>+.-\u00a0 La Huasteca\u00a0 fue escenario del evento.+.- Preocupante sobre explotaci\u00f3n de parajes\u00a0 naturales.<\/strong><\/p>\n<p><strong>+.- Lili Lara Compe\u00e1n organizadora y anfitriona se proyecta allende las fronteras de M\u00e9xico.<\/strong><\/p>\n<p><strong>\u00a0\u00a0\u00a0\u00a0\u00a0\u00a0\u00a0\u00a0\u00a0\u00a0\u00a0 Encantados por la exuberancia de la regi\u00f3n Huasteca y complacidos por el calor humano de sus habitantes, los\u00a0 delegados\u00a0 al Congreso\u00a0 realizado\u00a0 en esta ciudad\u00a0 de la Organizaci\u00f3n\u00a0 Mundial de Periodismo Tur\u00edstico (OMPT) retornaron a sus lugares de origen, no sin antes exponer\u00a0 durante el desarrollo\u00a0 del evento\u00a0 la preocupaci\u00f3n\u00a0 por la sobreexplotaci\u00f3n\u00a0 de los parajes tur\u00edsticos de\u00a0 la Huasteca \u00b4porque \u201cel turista destruye, por lo que se deben adoptar medidas\u00a0\u00a0 urgentes.<\/strong><\/p>\n<p><strong>\u00a0 En la c\u00faspide\u00a0 del Congreso \u00a0<\/strong>Luis Polo Roa, director general adjunto de la organizaci\u00f3n, abord\u00f3\u00a0 expres\u00f3 que por experiencias\u00a0 propias de su actividad period\u00edstica en la rama del turismo, est\u00e1n preocupados que el turista no ve lo que da\u00f1an o destruyen, los periodistas \u2013reiter\u00f3 &#8211; son m\u00e1s observadores, y como ejemplo en la visita al \u201cCastillo de Edward James en el Pueblo M\u00e1gico de \u00a0Xilitla, se\u00a0 advierte que apenas est\u00e1n implantando\u00a0 medidas preventivas y correcciones por la sobreexplotaci\u00f3n evidente del \u00a0turismo durante a\u00f1os pasados, estas\u00a0 medidas debieron adoptarse desde que el sitio se elev\u00f3\u00a0 una categor\u00eda de mayor explotaci\u00f3n,<\/p>\n<p>El visitante dijo que en relaci\u00f3n con la \u201ccapacidad de carga\u201d de un sitio como el referido y otros parajes\u00a0 de la regi\u00f3n es un tema\u00a0 de vital importancia relacionado con el turismo sustentable que incluye reorientar al turista para que sea part\u00edcipe activo en\u00a0 el cuidado y conservaci\u00f3n de los parajes en riesgo de extinguirse por la acci\u00f3n irresponsable de los humanos. \u00a0\u00a0Insisti\u00f3 \u201cEn el sitio del Castillo de Edward James si bien ya se adoptaron medidas\u00a0 de previsi\u00f3n, han sido tard\u00edas, en ese paraje hay muchas cosas que ya se destruyeron por la inconsciencia del turista y eso me ha llamado la atenci\u00f3n\u201d dijo Polo Roa<\/p>\n<p>Por su parte el presidente de la Organizaci\u00f3n Mundial de Periodismo Tur\u00edstico (OMPT), Miguel Ledesma abord\u00f3 un tema\u00a0 que\u00a0 ata\u00f1e\u00a0 precisamente\u00a0 el profesionalismo del periodista tur\u00edstico \u201cLo que se dice del turismo, lo que no se dice y lo que se dice mal\u201d, explic\u00f3 que en muchas ocasiones los periodistas tur\u00edsticos no dan la informaci\u00f3n verdadera sobre los sitios tur\u00edsticos y eso es considerado como publicidad enga\u00f1osa, la cual no se debe hacer \u2013 recalc\u00f3 &#8211; \u201c\u2026.deben de dar a conocer las cosas como realmente son, para no\u00a0 enga\u00f1ar a los turistas adem\u00e1s, hay que mantener a los visitantes informados en tiempo real, sobre lo que pasa en los parajes, de\u00a0 esta manera\u00a0 ellos\u00a0 ser\u00e1n los\u00a0 mejores aliados y promotores\u00a0\u00a0 de los sitios,\u00a0 al manifestarse\u00a0 en sus comunidades y comentar sus experiencias y satisfacciones\u201d<\/p>\n<p>Al despedirse, felicitaron a su anfitriona y coordinadora\u00a0 del Congreso en esta ciudad la empresaria Hotelera Lilia Lara Compe\u00e1n y su hermana Chely. (dfg)<\/p>\n<p><strong>++++++++++++++<\/strong><\/p>\n<p><strong>Frutas y legumbres \u201cEL PEQUES\u201d<\/strong><\/p>\n<p><strong>Local 51 en el mercado\u00a0 \u201cGonzalo N. Santos\u201d por la calle P. D\u00edaz frente a la Tortiller\u00eda. Tel.\u00a0 381-14-64 para servicio a domicilio de sus pedidos. mayoreo y menudeo a los mejores precios.<\/strong><\/p>\n<h2>Atenci\u00f3n personal de su amigo \u201cEl Peque\u201d<\/h2>\n<p><strong>+++++++<\/strong><\/p>\n<p>Sal\u00f3n de fiestas<\/p>\n<p>\u201cECLIPSE\u201d\u00a0 Sal\u00f3n de eventos, incluye<br \/>\n-Mobiliario para 100 personas<br \/>\n-Alberca<br \/>\n-\u00c1rea de servicio<br \/>\nInformes al 4811073382<\/p>\n<p>+++++<\/p>\n<p><strong>JUICIO POLITICO A REGIDORES DE VALLES.<\/strong><\/p>\n<p><strong>+.- El Congreso recibi\u00f3 la tarde de este jueves la solicitud de Fernando Guerrero.<\/strong><\/p>\n<p><strong>+.- El acusador reclama\u00a0 instalaciones del municipio\u00a0 que explotaba como propias.<\/strong><\/p>\n<p>Los regidores\u00a0\u00a0 del ayuntamiento de Valles fueron omisos a un ordenamiento\u00a0\u00a0 de Juzgado federal por lo que el promotor aduce violaci\u00f3n a sus derechos humanos y\u00a0 obtuvo sentencia contra dos de los\u00a0 ediles quienes\u00a0 corren el riesgo de ser sometidos a juicio pol\u00edtico por el Congreso del Estado.<\/p>\n<p>El mi\u00e9rcoles pasado \u00a0fueron presentadas dos solicitudes de Juicio Pol\u00edtico en contra de mirmbtos del cabildo de Valles, fundamentando que violaron el derecho de petici\u00f3n de un ciudadano que promovi\u00f3 un juicio de Amparo en el caso del desalojo de instalaciones del\u00a0 campo deportivo El Guadiana propiedad del municipio.<\/p>\n<p>La solicitud fu presentada en contra de los regidores Andr\u00e9s S\u00e1nchez Montemayor y Seraf\u00edn Castillo, del partido Movimiento Ciudadano y el segundo del PRD, \u00a0para Juicio Pol\u00edtico por violentar el derecho humano, originado por el \u201cilegal desalojo\u201d de las instalaciones que ocupaba.<\/p>\n<p><strong>De <\/strong>estos hechos, fueron omisos en responder, por lo que se promovi\u00f3 \u00a0juicio de amparo que al concederse deja de manifiesto la violaci\u00f3n referida. Habr\u00e1 mas solicitudes del mismo caso.<\/p>\n<p><strong>+++++++++++++<\/strong><\/p>\n<p><strong>YA ESTAMOS EN CASA\u2026\u2026..<\/strong><\/p>\n<p><strong>Calle Martha No.\u00a0 Entrada al Carmen 2 Junto a Oxxo.<\/strong><\/p>\n<p><strong>RESTAURANT\u00a0 DE\u00a0 MARISCOS \u201cEL PARAISO\u201d<\/strong><\/p>\n<p><strong>Atenci\u00f3n personal de su propietario Chanito.<\/strong><\/p>\n<p><strong>Solicite presupuesto, precios\u00a0 y ordene al <\/strong><\/p>\n<p><strong>\u00a0\u00a0\u00a0\u00a0\u00a0\u00a0\u00a0\u00a0\u00a0\u00a0\u00a0\u00a0\u00a0 Celular 481 102 5590<\/strong><\/p>\n<p><strong>Servicio de 11\u00a0\u00a0 a 8 de la noche<\/strong><\/p>\n<p><strong>++++++++++++++<\/strong><\/p>\n<p><strong>BEBER\u00a0 AGUA\u00a0 ABUNDANTE, SALUDABLE PARA NUESTROS RI\u00d1ONES.<\/strong><\/p>\n<p><strong>+.- Recomienda\u00a0 la\u00a0\u00a0 QFB\u00a0 Fabiola Garc\u00eda \u00c1lvarez\u00a0 ante riesgo de padecimientos renales.<\/strong><\/p>\n<p><strong>Loable actividad\u00a0 en beneficio de la salud\u00a0 de las personas realiza sin mas prop\u00f3sito que orientar a\u00a0 adoptar prevenciones con\u00a0\u00a0 <\/strong>la finalidad de mantener saludables los ri\u00f1ones, recomienda la tambi\u00e9n Presidenta de la Asociaci\u00f3n de Qu\u00edmicos en Movimiento A C\u00a0 \u00a0consumir suficiente agua natural. Ella\u00a0 habla\u00a0 con propiedad\u00a0 este tema\u00a0 es perito dictaminador en an\u00e1lisis de agua y alimentos.<\/p>\n<p>Identificada\u00a0\u00a0 ampliamente con los representantes de medios informativos. La profesional\u00a0 expres\u00f3 la recomendaci\u00f3n que para lograr un buen funcionamiento de los ri\u00f1ones es necesario beber suficiente agua, esto contribuye a diluir las sales y los minerales que\u00a0 ante la falta del l\u00edquido son retenidas y se forman \u201cpiedras\u201d que deben expulsarse con la orina.<\/p>\n<p>Si la persona no bebe suficiente agua corre el riesgo a desarrollar c\u00e1lculos en los ri\u00f1ones, a mas abundamiento sobre\u00a0 el tema del consumo de agua explic\u00f3:\u00a0\u00a0 Un 85 por ciento del cerebro humano es agua, un 22 por ciento de los huesos son agua, un 83 por ciento de la sangre es agua y un 75 por ciento de los m\u00fasculos son agua.<\/p>\n<p>El agua\u00a0 es\u00a0 el segundo\u00a0 elemento indispensable\u00a0 para el ser humano para conservar la vida, despu\u00e9s del ox\u00edgeno, refiere la profesionista que se ha distinguido por su\u00a0 labor social en la comunidad Vallense, inclusive\u00a0 con estudios y experiencia que ha llevado a foros nacionales.<\/p>\n<p><strong>++++++++++++++<\/strong><\/p>\n<p><strong>QFB\u00a0 FABIOLA GARCIA ALVAREZ<\/strong><\/p>\n<p><strong>Perito dictaminador en an\u00e1lisis bacteriol\u00f3gico de agua<\/strong><\/p>\n<p><strong>Y alimentos con n\u00famero GES-PD 0705<\/strong><\/p>\n<p><strong>Perito dictaminador en\u00a0 estupefacientes GES-PD0523<\/strong><\/p>\n<p><strong>Maestr\u00eda\u00a0 en an\u00e1lisis cl\u00ednicos 1301 \u2013 368068<\/strong><\/p>\n<p><strong>Ced prof\u00b7\u00a0 8664204\u00a0\u00a0 Tel. 38 1 66 64<\/strong><\/p>\n<p><strong>Asesor\u00eda,\u00a0 auditor\u00eda\u00a0 y gesti\u00f3n ambiental.}<\/strong><\/p>\n<ol>\n<li><strong> Victoria No. 8 zona centro Cd Valles SLP.<\/strong><\/li>\n<\/ol>\n<p><strong>+++++++++++++++<\/strong><\/p>\n<p><strong>EDIFICIO ENCANTADO DEL PRI, NO SERA DE LOS PRIISTAS DE VALLES.<\/strong><\/p>\n<p><strong>El edificio\u00a0 supuestamente\u00a0 propiedad de los priista de Valles, finalmente si es que\u00a0 las partes involucradas acceden a\u00a0 donar el predio y construcci\u00f3n conforme a las reglas\u00a0 en vigor,\u00a0 ser\u00eda propiedad del CEN\u00a0 del tricolor, esto ocurrir\u00eda\u00a0 antes de finalizar el presente a\u00f1o (\u00bf?)<\/strong><\/p>\n<p><strong>Cuando menos una decena de ocasiones los directivos y miembros destacados del otrora poderoso partido gubernamental, han fijado fechas para\u00a0 inaugurar y tomas posesi\u00f3n del edificio\u00a0 propio de su partido\u00a0 localizad por la avenida PAS, pero\u00a0 aun pasados 2 a\u00f1os no tienen una certeza\u00a0 porque al decir del principal directivo del patronato el ex regidor Manuel Vald\u00e9s Galicia al afirmar que es un hecho que el partido tendr\u00e1 su edificio propio avalando sus\u00a0 afirmaciones tras de dialogar con el ex dirigente estatal\u00a0 del partido ahora diputado Mart\u00edn Ju\u00e1rez C\u00f3rdova y el dirigente actual El\u00edas Pesina con quien se entrevistar\u00e1\u00a0 nuevamente \u201cpara evaluar la configuraci\u00f3n de\u00a0 donaci\u00f3n del predio, porque\u00a0 deber\u00e1 ceder la propiedad\u00a0 al CEN\u00a0 del PRI\u00a0 de donde\u00a0 despu\u00e9s\u00a0 lo\u00a0 facilitar\u00e1 en comodato a los militantes\u00a0 de Valles\u201d <\/strong><\/p>\n<p><strong>Entre los mismos priistas\u00a0 existe la duda\u00a0 de si la familia donante\u00a0 estar\u00e1 de acuerdo en que\u00a0 el predio pase a ser de la dirigencia nacional tricolor porque si bien\u00a0 Vald\u00e9s Galicia expres\u00f3 que se revisar\u00e1 bien la situaci\u00f3n, debido\u00a0 que las reglas del INE\u00a0 han cambiado \u00a0y concluye diciendo \u201c\u201d\u2026 el edificio es de Valles, s\u00ed lo es , pero ese es el tr\u00e1mite\u00a0 que hay que seguir para cumplir con las reglas del INE.\u00a0 El partido recibir\u00e1 en comodato el edificio\u201d<\/strong><\/p>\n<p><strong>(Claro que es de Valles el edificio, el terreno NO,\u00a0 porque existe\u00a0 en la denuncia de\u00a0 un ciudadano ante las autoridades\u00a0 que se desviaron recursos$$$$ durante el trienio de JJOA\u00a0 demostr\u00e1ndolo con cheques\u00a0 salidos de la DAPAS) <\/strong><\/p>\n<p><strong>Principio del formularioFinal del formularioFinal del formulario<\/strong><strong>+++++++++++++++<\/strong><\/p>\n<p><strong>\u201cHOTEL RIVIERA\u201d\u00a0\u00a0 en el coraz\u00f3n de <\/strong><\/p>\n<h2>Ciudad Valles SLP.<\/h2>\n<h2>5 DE Mayo 24\u00a0 Tel 014813823097<\/h2>\n<h3>Email <a href=\"mailto:hotelrivieravalles@hotmail.com\">hotelrivieravalles hotmail.com<\/a><\/h3>\n<p><strong>T\u00edpicamente Huasteco.<\/strong><\/p>\n<p><strong>+++++++++++++<\/strong><\/p>\n<p><strong>\u201cJUANJO\u201d\u00a0 FESTEJO ENTRE PRIANISTAS\u00a0 SU CUMPLEA\u00d1OS.<\/strong><\/p>\n<p><strong>Con la mira hacia\u00a0 2021 el dos veces alcalde de Valles conocido entre la raza\u00a0 como Juanj\u00f3\u00a0 estuvo de manteles largos y como todos los a\u00f1os se\u00a0 sirvi\u00f3\u00a0 una \u201ctamaliza\u201d\u00a0 (ya\u00a0 c\u00e1mbiale) que degustaron las \u00e1nimas de todos los colores partidistas y miembros de su familia.\u00a0\u00a0 <\/strong><strong>Y no pod\u00eda faltar la comparsa aun tricolor\u00a0 encabezada por Herminia Res\u00e9ndiz , el secretario de educaci\u00f3n estatal Joel Ram\u00edrez, el diputado\u00a0 Mart\u00edn Ju\u00e1rez, Liliana Flores del Pan,\u00a0 el dirigente prianista\u00a0 del PAN Javier Salazar Cru Narcia Pecina\u00a0 l\u00edder\u00a0 del sindicato municipal, Guadalupe Aguilar Acu\u00f1a ex alcalde de Tancanhuitz\u00a0 el ex candidato del PRD\u00a0 a la alcald\u00eda de Valles C\u00e9sar Gonz\u00e1lez, Jos\u00e9 A. Zapata\u00a0 diputado panista los ex regidores Elizabeth Gonz\u00e1lez Bucio y Alberto Z\u00fa\u00f1iga, la\u00a0 estrella pol\u00edtica del evento Yolanda Cepeda\u00a0 y as hordas chambistas no pod\u00edan faltar. A prop\u00f3sito de faltantes, en esta ocasi\u00f3n el controvertido pluripartidista ex alcalde Eligio Quintanilla quien prefiri\u00f3\u00a0 \u201chacer acto de presencia\u201d (entonces con Juanj\u00f3 hizo acto de ausencia) \u00a0en las fiestas\u00a0 de San Vicente.<\/strong><\/p>\n<p>El festejado en ocasiones anteriores \u00a0a externado p\u00fablicamente su prop\u00f3sito de \u201caparecer en ls boletas\u201d\u00a0 del proceso\u00a0 electoral del a\u00f1o 2021 para alg\u00fan cargo de elecci\u00f3n, dice que\u00a0 andar en la pol\u00edtica no le ha quitado amigos, aunque sean de otro partido seguir\u00e1n siendo sus amigos\u00a0 y reiter\u00f3 \u00a0\u201cquienes andamos en la pol\u00edtica no debemos diferenciar, ahora todos somos amigos y en campa\u00f1a todos debemos respetarnos. Eso es hacer pol\u00edtica\u00a0 de la buena\u201d<\/p>\n<p><strong>+++++++++<\/strong><\/p>\n<p><strong>CARROCERIAS <\/strong><\/p>\n<p><strong>BUSTOS.<\/strong><\/p>\n<p><strong>Reforma y Lerdo de tejada Col. Altavista.<\/strong><\/p>\n<p><strong>Cd Valles SLP\u00a0 Tel. 3824777.<\/strong><\/p>\n<p><strong>En carrocer\u00edas para camiones y camionetas nadie nos compite.<\/strong><\/p>\n<p><strong>+++++++++++++++<\/strong><\/p>\n<p><strong>DAPAS\u00a0 TIENDE A NORNALIZARCE.<\/strong><\/p>\n<p><strong>+.-\u00a0 Juzgado federal niega al sindicato \u00faltimos\u00a0 juicios de amparo.<\/strong><\/p>\n<p><strong>+.- Frente a la planta la huelga sigue amparada.<\/strong><\/p>\n<p><strong>Las actividades\u00a0 laborales en la DAPAS\u00a0 de hecho se han normalizado, afirma el asesor legal de la Dapas, pero sigue ventil\u00e1ndose en el Tribunal laboral el tema de los salarios ca\u00eddos que reclaman los sindicalizados que obtuvieron amparo de la Justicia\u00a0 federal para continuar en su lucha.<\/strong><\/p>\n<p><strong>Como se inform\u00f3 oportunamente\u00a0 los trabajadores sindicalizados fieles al movimiento que cumpli\u00f3 un a\u00f1o tienen a su favor otorgado por el Juzgado V de distrito <\/strong>dos amparos que garantizan la continuidad de la huelga afuera de \u00a0la DAPAS. El asesor del organismo explic\u00f3 este mi\u00e9rcoles que el problema laboral lleg\u00f3 a su fin, en las pr\u00f3ximas semanas\u00a0 dar\u00edan inicio\u00a0 pl\u00e1ticas\u00a0\u00a0 tendientes a establecer condiciones para liquidar a quienes\u00a0 no acataron la disposici\u00f3n de\u00a0 sumarse a la planta\u00a0 de trabajo y prefirieron continuar con el paro, pero\u00a0 sigue firme el despido de los 8\u00a0 integrantes\u00a0 de la extinta directiva.\u00a0 Tambi\u00e9n en los pr\u00f3ximos d\u00edas y conforme a kl Ley\u00a0 los trabajadores que desistieron deber\u00e1n convocar a elecciones\u00a0 las que ser\u00e1n libres \u00a0de\u00a0 acuerdo a sus intereses.<\/p>\n<p>Una suspensi\u00f3n definitiva para que se mantuviera el derecho a la huelga de los trabajadores sindicalizados de la DAPAS y su derecho a mantener sus puestos laborales. Otra suspensi\u00f3n provisional, en el expediente 385\/2019, en la que se ordena que no se ejecutara el acuerdo del 13 de septiembre, que hizo que la Junta de Conciliaci\u00f3n y Arbitraje terminara con la huelga y desalojara a los que estaban en paro desde el pasado 3 de octubre 2018.<\/p>\n<p>Ahora el \u00f3rgano\u00a0 operador del agua\u00a0\u00a0 busca que el Congreso del Estado\u00a0 autorice un incremento razonable\u00a0\u00a0 en las tarifas\u00a0\u00a0 para el siguiente a\u00f1o, seg\u00fan los directivos se requiere cundo menos\u00a0\u00a0 entre el 15 al 30% , Por su parte el presidente de la Comisi\u00f3n e aguas del Congreso diputado Mario L\u00e1rraga declar\u00f3\u00a0 que\u00a0 los incrementos se ar\u00e1n d acuerdo al porcentaje del \u00edndice inflacionario.<\/p>\n<p><strong>+++++++++++++<\/strong><\/p>\n<p><strong>El sitio ideal para\u00a0 sus fiestas\u2026\u00a0\u00a0\u00a0\u00a0\u00a0\u00a0\u00a0\u00a0\u00a0\u00a0\u00a0\u00a0\u00a0\u00a0\u00a0\u00a0\u00a0\u00a0\u00a0\u00a0\u00a0\u00a0\u00a0\u00a0\u00a0\u00a0\u00a0\u00a0\u00a0\u00a0\u00a0\u00a0\u00a0\u00a0\u00a0\u00a0\u00a0\u00a0\u00a0 <\/strong><\/p>\n<p><strong>\u00a0\u201cFINCA\u00a0 SAN ISIDRO\u201d <\/strong><\/p>\n<p><strong>Sal\u00f3n para fiestas de todo tipo.<\/strong><\/p>\n<p><strong>Carretera Valles \u2013 R\u00edo Verde Km. 8 <\/strong><\/p>\n<p><strong>Contrataciones al Tel. 01 481 179 09<\/strong><\/p>\n<p><strong>Cd. Valles SLP M\u00e9xico.<\/strong><\/p>\n<p><strong>++++++++++++++<\/strong><\/p>\n<p><strong>ASF ENCONTRO\u00a0 DESVIOS O MANEJOS TURBIOS DE RECURSOS FEDERALES EN AQUISMON.<\/strong><\/p>\n<p><strong>+.- Sino justifica la lideresa tricolor, tendr\u00e1 que pagar y con intereses.<\/strong><\/p>\n<p><strong>\u00a0Si la ex alcaldesa de Aquismon Yolanda Cepeda actual lideresa\u00a0 del CDE del PRI, no aclara y demuestra que\u00a0 el resultado de la auditor\u00eda federal por 84.1 millones de pesos es\u00a0 err\u00f3neo, tendr\u00e1 que\u00a0 devolverlos o pagar porque el \u00f3rgano fiscalizador\u00a0 va con todo\u00a0 seg\u00fan anticip\u00f3 hace unos d\u00edas el diputado federal por el IV distrito.<\/strong><\/p>\n<p><strong>De acuerdo con los informes\u00a0 revelados a los medios por la\u00a0 ASF \u00a0la administraci\u00f3n priista\u00a0 anterior en Aquism\u00f3n\u00a0 hizo observaciones al ejercicio de\u00a0 recursos federales\u00a0 aportados a Aquism\u00f3n durante el gobierno de Yolanda cepeda en la auditor\u00eda 1285-DS-GF practicada al ejercicio\u00a0 del Fondo de aportaciones\u00a0 para la infraestructura social municipal detect\u00f3 anomal\u00edas\u00a0 por el uso del 66.6% del fondo recibido en el a\u00f1o 2018 que fueron de\u00a0 125.3 millones de pesos.<\/strong><\/p>\n<p><strong>\u00a0Los medios informativos dan cuenta en detalle de la disposici\u00f3n de\u00a0 <\/strong><strong>72.4 millones de pesos del FAISM que fueron trasferidos de manera injustificada desde la cuenta en la que fue depositado el recurso \u00a0a otras cuentas.<\/strong><\/p>\n<p><strong>Por eta irregularidad\u00a0 la ASF consider\u00f3 que al no devolver a la cuenta ni fueron devueltos a la Federaci\u00f3n \u00abpor lo que no se pudo comprobar su correcto destino y aplicaci\u00f3n a los objetivos del fondo\u00bb.\u00a0\u00a0 La\u00a0 ASF consider\u00f3 un posible da\u00f1o a la hacienda publica.<\/strong><\/p>\n<p><strong>Por otra parte, en una visita de campo, los\u00a0 auditores detectaron \u00a0que 57 de las obras ejecutadas en Aquism\u00f3n con recursos de este fondo estan suspendidas y sin operar, encontrando adem\u00e1s que 11.5 millones de pesos pagados por ellas no se hab\u00edan amortizado.<\/strong><\/p>\n<p><strong>++++++++++++++<\/strong><\/p>\n<p><strong>\u00a0\u201cCAF\u00c9 Y RESTAURANT\u00a0 EL FAROLITO\u201d<\/strong><\/p>\n<p><strong>Lo mejor de la cocina Huasteca; el tradicional zacahuil y cazueladas.<\/strong><\/p>\n<p><strong>Atendemos toda clase de\u00a0 festejos. Pedidos al <\/strong><\/p>\n<p><strong>Tel\u00a0 3821017 Ciudad Valles SLP.<\/strong><\/p>\n<p><strong>+++++++++++++<\/strong><\/p>\n<p><strong>D E\u00a0 V O L A D A .-<\/strong><\/p>\n<p><a href=\"https:\/\/www.facebook.com\/EDUCATODOVALLES111\/?__tn__=kC-R&amp;eid=ARC0VT-cNt2AAmU8W6lVPl2NnjfJC6voWXY4l789E2zkoL9oZnfM0HnnJH60G-2ga-Gr7e4WmOaCuxRnSd09iR80n3brgWmIERHzF0Zu0rH1DA82eMtIiTYxFLhoFXykGHTOthNDdPR4kBfX4QqfjdGgqgV8RmI5dGdhS5WX7ah7383Y4A&amp;hc_ref=ARTe9IylM172derzx3lgqhIYdgNx-psf_2vFmGaepPEQSi07Oct06jf5-ymmqjNU4Vc&amp;fref=nf&amp;__xts__%5B0%5D=68.ARA24cxwVwHAI_43OApS6rjjW63RBzEAWWbwuDENDp6UQ9MGnHkl0F3MFYZW5btPyh2UO3lL5kEaJJPvBUSAYwV3J8e4u2j-6qQacgF3m9FtG6NdTe84QDemntR6JZ13C3RQYhklxx3RHLijwrC8D7JHMDCXX_KJjUADNILqn6bN6DR7tPhPB3-0aFxmMQf__s5nlVIi_O3SgNOFAW4Hcw9VKjgAFI_42QgbDuckNm69nH0vbGtaadA0fqQvH8EL5LXcBmiWVtSiAKcA5NYuqdUXIMTiY1qLRFhG\"><strong><br \/>\n<\/strong><strong>Mega Educatodo de las Huastecas<\/strong><\/a><\/p>\n<p>VISITA LA SUCURSAL \u201cEDUCATODO\u201d<\/p>\n<p>DONDE ENCONTRARA GRAN VARIEDAD EN MATERIAL DIDACTICO, LIBRERIA, PAPELERIA Y MOBILIARIO PARA SU ESCUELA.<\/p>\n<p>CALLE GALEANA # 111 ENTRE CALLE JUAREZ Y ESCONTRIA,<\/p>\n<p>ZONA CENTRO, CIUDAD VALLES, S.L.P.<br \/>\nTEL: (481)-382-4288<\/p>\n<p>Atenci\u00f3n personal de su amigo Fito Jim\u00e9nez<\/p>\n<p>CORREO: educatodovalles@hotmail.com<\/p>\n<p>+++<\/p>\n<p>REGIDORES IRRESPONSASBLES, ENFRENTARAN JUICIO POLITICO POR DESATENDER\u00a0 RESPUESTA DE UN AMPARO JUDICIAL.-<\/p>\n<p><strong>\u00bfC\u00d3MO QUE EL REGIDOR\u00a0 ANDRES SANCHEZ\u00a0 ESTUVO AUSENTE? (fuera de la ciudad) POR ESO NO SE ENTER\u00d3 DE\u00a0 la notificaci\u00f3n de una sentencia de amparo promovido contra dos de ellos? Ahora ante el inminente juicio pol\u00edtico en su contra derivado de no\u00a0 responder un cuestionario del Juez federal por el \u00a0desalojo de un particular que explotaba como propio instalaciones propiedad del municipio.\u00a0\u00a0 Los regidores\u00a0 tienen un sueldo equivalente a mas de 1300 pesos diarios,\u00a0 secretarias en la oficina que funciona en el edificio \u201cMagdalena\u201d\u00a0 quienes en su nombre\u00a0 atienden al p\u00fablico (echando mentiras que andan en comisi\u00f3n) ellas informan a cada uno de los 12\u00a0 ediles y 2 s\u00edndicos, pero como los referidos regidores\u00a0 son unos irresponsables, no se toman la molestia de avisar que\u00a0 estar\u00e1n atendiendo asuntos personales\u00a0 fuera de la ciudad o simplemente no asisten. Ciudadanos que acuden a las oficinas se quejan de no encontrarlos porque \u201candan en comisi\u00f3n\u201d por es no estaban enterados de \u00f1la decisi\u00f3n del juez.<\/strong><\/p>\n<p><strong>Ahora que si el Congreso acepta el juicio pol\u00edtico en su contra, seguro que\u00a0\u00a0 a partir de la fecha procurar\u00e1n desempe\u00f1arse mejor\u2026. Los que se frotan las manos\u00a0 ser\u00edan los suplentes\u2026.jejeje<\/strong><\/p>\n<p><strong>++++<\/strong><\/p>\n<p><strong>\u00a0JORGE L\u00c1RRAGA uno m\u00e1s que sale del equipo del gobierno Independiente de Valles, no alcanz\u00f3 llegar al primer a\u00f1o. Mal que bien, el ahora ex director de Protecci\u00f3n Civil de Valles\u00a0\u00a0 entreg\u00f3 hasta el importe de la donaci\u00f3n de una quincena de sueldo que hizo a esa dependencia para\u00a0 adquirir uniformes y equipo a los integrantes de esa dependencia.\u00a0 <\/strong>\u00a0\u201cEl cheque lo entregaron el 22 de octubre, pero nos lo \u00a0recibi\u00f3 hasta el 19 de septiembre, D\u00eda de Protecci\u00f3n Civil, luego apart\u00e9 las playeras para PC que es lo que me dijeron que compr\u00e1ramos para los elementos y se quedaron apartadas\u201d.\u00a0 Explic\u00f3 el ex funcionario<\/p>\n<p>Como lo informamos oportunamente, llega un fuere\u00f1o y un \u201chijo de Valles\u201d se va,\u00a0 explic\u00f3\u00a0 \u201cYo no renunci\u00e9, el Oficial Mayor me dijo que estaba despedido y que ya hab\u00eda otra persona, yo no soy due\u00f1o del puesto, Adri\u00e1n Esper puede quitar y poner a las personas que \u00e9l quiera, es su administraci\u00f3n y yo acato lo que digan, lo \u00fanico que no me gust\u00f3 son las formas\u201d. Ni modo, as\u00ed es el abarrote\u2026..<\/p>\n<p><strong>+++++++++<\/strong><\/p>\n<p><strong>La cita es tradici\u00f3n en el Caf\u00e9 \u201cLa Nueva Fe\u201d\u00a0 aut\u00e9nticos platillos Huastecos\u00a0 aqu\u00ed los degustar\u00e1. Frente al palacio municipal Cd Valles, S,LP\u2026. Si usted visita Ciudad Valles y no degusta su exquisito caf\u00e9\u00a0 en \u201cLa Nueva Fe,\u00a0 no vino a Valles.<\/strong><\/p>\n<p><strong>++<\/strong><\/p>\n<p><strong>\u00a0<\/strong><\/p>\n<p><strong>\u00a0<\/strong><\/p>\n<p><strong>&#8212;<\/strong><\/p>\n<p><strong>\u00a0<\/strong><\/p>\n<p><strong>\u00a0<\/strong><\/p>\n<p><strong>\u00a0<\/strong><\/p>\n<p><strong>\u00a0<\/strong><\/p>\n<p><strong>\u00a0<\/strong><\/p>\n<p><strong>\u00a0<\/strong><\/p>\n<p><strong>\u00a0<\/strong><\/p>\n<p>&nbsp;<\/p>\n<p>&nbsp;<\/p>\n","protected":false},"excerpt":{"rendered":"<p>&nbsp; \u00a0Cae el presupuesto\u00a0 para las finanzas del ayuntamiento Independiente, adoptan medidas\u00a0 dr\u00e1sticas de l\u00a0 gasto p\u00fablico, las principales causas son los \u00a0recortes presupuestales que \u00a0afectar\u00e1n las operaciones de las diferentes \u00e1reas del Municipio consecuencia de un ajuste cuatrimestral correspondiente a este a\u00f1o 2019, aplicado &hellip; <\/p>\n","protected":false},"author":1,"featured_media":36604,"comment_status":"open","ping_status":"open","sticky":false,"template":"","format":"standard","meta":{"footnotes":""},"categories":[17,4],"tags":[],"class_list":["post-41118","post","type-post","status-publish","format-standard","has-post-thumbnail","hentry","category-colaboraciones","category-inicio"],"_links":{"self":[{"href":"https:\/\/amanecerhuasteco.com\/portal\/wp-json\/wp\/v2\/posts\/41118","targetHints":{"allow":["GET"]}}],"collection":[{"href":"https:\/\/amanecerhuasteco.com\/portal\/wp-json\/wp\/v2\/posts"}],"about":[{"href":"https:\/\/amanecerhuasteco.com\/portal\/wp-json\/wp\/v2\/types\/post"}],"author":[{"embeddable":true,"href":"https:\/\/amanecerhuasteco.com\/portal\/wp-json\/wp\/v2\/users\/1"}],"replies":[{"embeddable":true,"href":"https:\/\/amanecerhuasteco.com\/portal\/wp-json\/wp\/v2\/comments?post=41118"}],"version-history":[{"count":1,"href":"https:\/\/amanecerhuasteco.com\/portal\/wp-json\/wp\/v2\/posts\/41118\/revisions"}],"predecessor-version":[{"id":41119,"href":"https:\/\/amanecerhuasteco.com\/portal\/wp-json\/wp\/v2\/posts\/41118\/revisions\/41119"}],"wp:featuredmedia":[{"embeddable":true,"href":"https:\/\/amanecerhuasteco.com\/portal\/wp-json\/wp\/v2\/media\/36604"}],"wp:attachment":[{"href":"https:\/\/amanecerhuasteco.com\/portal\/wp-json\/wp\/v2\/media?parent=41118"}],"wp:term":[{"taxonomy":"category","embeddable":true,"href":"https:\/\/amanecerhuasteco.com\/portal\/wp-json\/wp\/v2\/categories?post=41118"},{"taxonomy":"post_tag","embeddable":true,"href":"https:\/\/amanecerhuasteco.com\/portal\/wp-json\/wp\/v2\/tags?post=41118"}],"curies":[{"name":"wp","href":"https:\/\/api.w.org\/{rel}","templated":true}]}}