{"id":41141,"date":"2019-11-12T08:32:48","date_gmt":"2019-11-12T14:32:48","guid":{"rendered":"http:\/\/amanecerhuasteco.com\/portal\/?p=41141"},"modified":"2019-11-12T08:32:48","modified_gmt":"2019-11-12T14:32:48","slug":"capacitaran-a-consejos-de-vigilancia-ciudadana","status":"publish","type":"post","link":"https:\/\/amanecerhuasteco.com\/portal\/capacitaran-a-consejos-de-vigilancia-ciudadana\/","title":{"rendered":"Capacitar\u00e1n a Consejos de Vigilancia Ciudadana"},"content":{"rendered":"<p>&nbsp;<\/p>\n<p>Ciudad Valles. -Con la participaci\u00f3n de la Secretar\u00eda de la Funci\u00f3n P\u00fablica, este viernes 8 de noviembre a las 10 de la ma\u00f1ana se llevar\u00e1 a cabo el taller de capacitaci\u00f3n para el impulso de los \u201cConsejos de Vigilancia Ciudadana\u201d, en el sal\u00f3n de Cabildo \u201cRafael Curiel Gallegos\u201d.<\/p>\n<p>El contralor interno municipal, Rub\u00e9n S\u00e1nchez Trejo, se\u00f1al\u00f3 que el objetivo del taller es que los participantes identifiquen los mecanismos y las herramientas para promover la vigilancia ciudadana en los programas sociales (apoyos, obras o servicios) financiados y ejecutados con recursos p\u00fablicos con la finalidad de combatir la corrupci\u00f3n y la impunidad.<\/p>\n<p>El taller se realiza como parte del cumplimiento al Programa Anual de Trabajo 2019, de la Secretar\u00eda de la Funci\u00f3n P\u00fablica y la Contralor\u00eda General del Estado.<\/p>\n<p>&#8212;<\/p>\n","protected":false},"excerpt":{"rendered":"<p>&nbsp; Ciudad Valles. -Con la participaci\u00f3n de la Secretar\u00eda de la Funci\u00f3n P\u00fablica, este viernes 8 de noviembre a las 10 de la ma\u00f1ana se llevar\u00e1 a cabo el taller de capacitaci\u00f3n para el impulso de los \u201cConsejos de Vigilancia Ciudadana\u201d, en el sal\u00f3n de &hellip; <\/p>\n","protected":false},"author":1,"featured_media":41142,"comment_status":"open","ping_status":"open","sticky":false,"template":"","format":"standard","meta":{"footnotes":""},"categories":[7,4],"tags":[],"class_list":["post-41141","post","type-post","status-publish","format-standard","has-post-thumbnail","hentry","category-ciudad","category-inicio"],"_links":{"self":[{"href":"https:\/\/amanecerhuasteco.com\/portal\/wp-json\/wp\/v2\/posts\/41141","targetHints":{"allow":["GET"]}}],"collection":[{"href":"https:\/\/amanecerhuasteco.com\/portal\/wp-json\/wp\/v2\/posts"}],"about":[{"href":"https:\/\/amanecerhuasteco.com\/portal\/wp-json\/wp\/v2\/types\/post"}],"author":[{"embeddable":true,"href":"https:\/\/amanecerhuasteco.com\/portal\/wp-json\/wp\/v2\/users\/1"}],"replies":[{"embeddable":true,"href":"https:\/\/amanecerhuasteco.com\/portal\/wp-json\/wp\/v2\/comments?post=41141"}],"version-history":[{"count":1,"href":"https:\/\/amanecerhuasteco.com\/portal\/wp-json\/wp\/v2\/posts\/41141\/revisions"}],"predecessor-version":[{"id":41143,"href":"https:\/\/amanecerhuasteco.com\/portal\/wp-json\/wp\/v2\/posts\/41141\/revisions\/41143"}],"wp:featuredmedia":[{"embeddable":true,"href":"https:\/\/amanecerhuasteco.com\/portal\/wp-json\/wp\/v2\/media\/41142"}],"wp:attachment":[{"href":"https:\/\/amanecerhuasteco.com\/portal\/wp-json\/wp\/v2\/media?parent=41141"}],"wp:term":[{"taxonomy":"category","embeddable":true,"href":"https:\/\/amanecerhuasteco.com\/portal\/wp-json\/wp\/v2\/categories?post=41141"},{"taxonomy":"post_tag","embeddable":true,"href":"https:\/\/amanecerhuasteco.com\/portal\/wp-json\/wp\/v2\/tags?post=41141"}],"curies":[{"name":"wp","href":"https:\/\/api.w.org\/{rel}","templated":true}]}}