{"id":41147,"date":"2019-11-12T08:43:09","date_gmt":"2019-11-12T14:43:09","guid":{"rendered":"http:\/\/amanecerhuasteco.com\/portal\/?p=41147"},"modified":"2019-11-12T08:43:09","modified_gmt":"2019-11-12T14:43:09","slug":"comunidades-indigenas-elijen-a-sus-representantes-para-visitas-de-amlo","status":"publish","type":"post","link":"https:\/\/amanecerhuasteco.com\/portal\/comunidades-indigenas-elijen-a-sus-representantes-para-visitas-de-amlo\/","title":{"rendered":"Comunidades ind\u00edgenas elijen a sus representantes para visitas de #AMLO"},"content":{"rendered":"<p>&nbsp;<\/p>\n<p>Ciudad Valles.- El mi\u00e9rcoles 6 de noviembre, alrededor de 60 integrantes de las comunidades ind\u00edgenas t\u00e9nek de Ciudad Valles, eligieron a los titulares de 6 ejes tem\u00e1ticos, quienes los representar\u00e1n en las visitas del presidente de M\u00e9xico Andr\u00e9s Manuel L\u00f3pez Obrador.<\/p>\n<p>Lo anterior fue informado por el director de Asuntos Ind\u00edgenas, Jos\u00e9 Doroteo Hern\u00e1ndez Moctezuma, quien explic\u00f3 que esta reuni\u00f3n se llev\u00f3 a cabo en el sal\u00f3n del ejido la Lima, donde asistieron 60 personas representantes, entre comisariados ejidales, consejo de vigilancia, secretario del comisariado y juez auxiliar.<\/p>\n<p>Asistieron a esta reuni\u00f3n de los ejidos, Los Sabinos, Tant\u00f3bal, Adolfo L\u00f3pez Mteos, Ejido San Rafael, El Sidral, Chical 1, El Chuchupe, Las Chochas, La Lima, Ojo de Agua, La Pitaya, entre otros.<\/p>\n<p>Los representantes por eje tem\u00e1ticos fueron:<\/p>\n<p>-Infraestructura- Cristina Salvador D\u00edaz del ejido Tantobal.<\/p>\n<p>-Econom\u00eda y Productividad- Mart\u00edn Mart\u00ednez Hern\u00e1ndez del ejido La Lima.<\/p>\n<p>-Sociedad y Cultura- Liveriana Hern\u00e1ndez Hern\u00e1ndez del ejido Ojo de Agua.<\/p>\n<p>-Justicia Ind\u00edgena- Jos\u00e9 Valent\u00edn Hern\u00e1ndez Hern\u00e1ndez del ejido La Lima.<\/p>\n<p>-Recursos Naturales- Jos\u00e9 Luis Galv\u00e1n del ejido Los Sabinos.<\/p>\n<p>-Educaci\u00f3n- H\u00e9ctor P\u00e9rez Hern\u00e1ndez del ejido La Subida.<\/p>\n<p>&#8212;<\/p>\n","protected":false},"excerpt":{"rendered":"<p>&nbsp; Ciudad Valles.- El mi\u00e9rcoles 6 de noviembre, alrededor de 60 integrantes de las comunidades ind\u00edgenas t\u00e9nek de Ciudad Valles, eligieron a los titulares de 6 ejes tem\u00e1ticos, quienes los representar\u00e1n en las visitas del presidente de M\u00e9xico Andr\u00e9s Manuel L\u00f3pez Obrador. Lo anterior fue &hellip; <\/p>\n","protected":false},"author":1,"featured_media":41148,"comment_status":"open","ping_status":"open","sticky":false,"template":"","format":"standard","meta":{"footnotes":""},"categories":[7,4],"tags":[],"class_list":["post-41147","post","type-post","status-publish","format-standard","has-post-thumbnail","hentry","category-ciudad","category-inicio"],"_links":{"self":[{"href":"https:\/\/amanecerhuasteco.com\/portal\/wp-json\/wp\/v2\/posts\/41147","targetHints":{"allow":["GET"]}}],"collection":[{"href":"https:\/\/amanecerhuasteco.com\/portal\/wp-json\/wp\/v2\/posts"}],"about":[{"href":"https:\/\/amanecerhuasteco.com\/portal\/wp-json\/wp\/v2\/types\/post"}],"author":[{"embeddable":true,"href":"https:\/\/amanecerhuasteco.com\/portal\/wp-json\/wp\/v2\/users\/1"}],"replies":[{"embeddable":true,"href":"https:\/\/amanecerhuasteco.com\/portal\/wp-json\/wp\/v2\/comments?post=41147"}],"version-history":[{"count":1,"href":"https:\/\/amanecerhuasteco.com\/portal\/wp-json\/wp\/v2\/posts\/41147\/revisions"}],"predecessor-version":[{"id":41149,"href":"https:\/\/amanecerhuasteco.com\/portal\/wp-json\/wp\/v2\/posts\/41147\/revisions\/41149"}],"wp:featuredmedia":[{"embeddable":true,"href":"https:\/\/amanecerhuasteco.com\/portal\/wp-json\/wp\/v2\/media\/41148"}],"wp:attachment":[{"href":"https:\/\/amanecerhuasteco.com\/portal\/wp-json\/wp\/v2\/media?parent=41147"}],"wp:term":[{"taxonomy":"category","embeddable":true,"href":"https:\/\/amanecerhuasteco.com\/portal\/wp-json\/wp\/v2\/categories?post=41147"},{"taxonomy":"post_tag","embeddable":true,"href":"https:\/\/amanecerhuasteco.com\/portal\/wp-json\/wp\/v2\/tags?post=41147"}],"curies":[{"name":"wp","href":"https:\/\/api.w.org\/{rel}","templated":true}]}}