{"id":41150,"date":"2019-11-12T08:44:47","date_gmt":"2019-11-12T14:44:47","guid":{"rendered":"http:\/\/amanecerhuasteco.com\/portal\/?p=41150"},"modified":"2019-11-12T08:44:47","modified_gmt":"2019-11-12T14:44:47","slug":"contaminacion-del-agua-y-la-afectacion-en-la-agricultura-y-economica-problematica-que-resalto-en-el-conversatorio-organizado-por-cmdh","status":"publish","type":"post","link":"https:\/\/amanecerhuasteco.com\/portal\/contaminacion-del-agua-y-la-afectacion-en-la-agricultura-y-economica-problematica-que-resalto-en-el-conversatorio-organizado-por-cmdh\/","title":{"rendered":"Contaminaci\u00f3n del agua y la afectaci\u00f3n en la agricultura y econ\u00f3mica: problem\u00e1tica que resalto en el conversatorio organizado por CMDH."},"content":{"rendered":"<p>&nbsp;<\/p>\n<p>&nbsp;<\/p>\n<p>Ciudad Valles.- Resalta el tema de contaminaci\u00f3n del agua, durante el conversatorio \u201cEl derecho al agua, afectaciones al territorio y a la salud\u201d, organizada por la Coordinaci\u00f3n Municipal de Derechos Humanos y la asociaci\u00f3n civil \u201cEducaci\u00f3n y Ciudadan\u00eda\u201d.<\/p>\n<p>Sandra Sierra Cervantes, responsable de la coordinaci\u00f3n, explic\u00f3 que el conversatorio fue realizado, como seguimiento a un proceso que ven\u00edan trabajando con organizaciones de la sociedad civil de Valles y en el estado de San Luis Potos\u00ed.<\/p>\n<p>Se\u00f1al\u00f3 que se realiz\u00f3 la identificaci\u00f3n de la problem\u00e1tica, entre la que destaca, la contaminaci\u00f3n del agua y la afectaci\u00f3n que genera, como en la agr\u00edcola y econ\u00f3mica.<\/p>\n<p>Tambi\u00e9n se toc\u00f3 el punto de Derechos Humanos en el rubro de salud.<\/p>\n<p>&#8212;<\/p>\n","protected":false},"excerpt":{"rendered":"<p>&nbsp; &nbsp; Ciudad Valles.- Resalta el tema de contaminaci\u00f3n del agua, durante el conversatorio \u201cEl derecho al agua, afectaciones al territorio y a la salud\u201d, organizada por la Coordinaci\u00f3n Municipal de Derechos Humanos y la asociaci\u00f3n civil \u201cEducaci\u00f3n y Ciudadan\u00eda\u201d. Sandra Sierra Cervantes, responsable de &hellip; <\/p>\n","protected":false},"author":1,"featured_media":41151,"comment_status":"open","ping_status":"open","sticky":false,"template":"","format":"standard","meta":{"footnotes":""},"categories":[7,11,4],"tags":[],"class_list":["post-41150","post","type-post","status-publish","format-standard","has-post-thumbnail","hentry","category-ciudad","category-estado","category-inicio"],"_links":{"self":[{"href":"https:\/\/amanecerhuasteco.com\/portal\/wp-json\/wp\/v2\/posts\/41150","targetHints":{"allow":["GET"]}}],"collection":[{"href":"https:\/\/amanecerhuasteco.com\/portal\/wp-json\/wp\/v2\/posts"}],"about":[{"href":"https:\/\/amanecerhuasteco.com\/portal\/wp-json\/wp\/v2\/types\/post"}],"author":[{"embeddable":true,"href":"https:\/\/amanecerhuasteco.com\/portal\/wp-json\/wp\/v2\/users\/1"}],"replies":[{"embeddable":true,"href":"https:\/\/amanecerhuasteco.com\/portal\/wp-json\/wp\/v2\/comments?post=41150"}],"version-history":[{"count":1,"href":"https:\/\/amanecerhuasteco.com\/portal\/wp-json\/wp\/v2\/posts\/41150\/revisions"}],"predecessor-version":[{"id":41152,"href":"https:\/\/amanecerhuasteco.com\/portal\/wp-json\/wp\/v2\/posts\/41150\/revisions\/41152"}],"wp:featuredmedia":[{"embeddable":true,"href":"https:\/\/amanecerhuasteco.com\/portal\/wp-json\/wp\/v2\/media\/41151"}],"wp:attachment":[{"href":"https:\/\/amanecerhuasteco.com\/portal\/wp-json\/wp\/v2\/media?parent=41150"}],"wp:term":[{"taxonomy":"category","embeddable":true,"href":"https:\/\/amanecerhuasteco.com\/portal\/wp-json\/wp\/v2\/categories?post=41150"},{"taxonomy":"post_tag","embeddable":true,"href":"https:\/\/amanecerhuasteco.com\/portal\/wp-json\/wp\/v2\/tags?post=41150"}],"curies":[{"name":"wp","href":"https:\/\/api.w.org\/{rel}","templated":true}]}}