{"id":41180,"date":"2019-11-12T17:03:51","date_gmt":"2019-11-12T23:03:51","guid":{"rendered":"http:\/\/amanecerhuasteco.com\/portal\/?p=41180"},"modified":"2019-11-12T17:03:51","modified_gmt":"2019-11-12T23:03:51","slug":"habilitan-refugios-temporales-ante-posibles-contingencias-bajas-temperaturas-en-ciudad-valles","status":"publish","type":"post","link":"https:\/\/amanecerhuasteco.com\/portal\/habilitan-refugios-temporales-ante-posibles-contingencias-bajas-temperaturas-en-ciudad-valles\/","title":{"rendered":"Habilitan refugios temporales ante posibles contingencias bajas temperaturas en Ciudad Valles"},"content":{"rendered":"<p>&nbsp;<\/p>\n<p>Ciudad Valles.- La Direcci\u00f3n de Protecci\u00f3n Civil municipal dio a conocer que cuentan con siete espacios habilitados como refugios temporales, para ser activados de inmediato en caso un contingencia clim\u00e1tica.<\/p>\n<p>El titular de la dependencia, Jorge \u00c1ngel Gamero Puga, inform\u00f3 que cuatro de los refugios se ubican en la cabecera municipal, uno en la delegaci\u00f3n El Pujal y dos en la delegaci\u00f3n Rasc\u00f3n.<\/p>\n<p>En la cabecera municipal se cuenta con albergues el auditorio Jos\u00e9 Sulaim\u00e1n Chagn\u00f3n del centro deportivo Manuel G\u00f3mez Mor\u00edn, ubicado en el fraccionamiento Lomas de San Jos\u00e9 y tiene capacidad para 250 personas.<\/p>\n<p>Tambi\u00e9n servir\u00e1n como albergues las primarias, Graciano S\u00e1nchez y Salvador Varela, as\u00ed como el sal\u00f3n del sindicato de trabajadores al servicio del ayuntamiento.<\/p>\n<p>En la delegaci\u00f3n El Pujal se activar\u00eda la galera de usos m\u00faltiples de la escuela Miguel Hidalgo y\u00a0 en la delegaci\u00f3n Rasc\u00f3n, se cuentan con dos espacios: en la galera de la Escuela Secundaria T\u00e9cnica No. 13 y en la biblioteca p\u00fablica.<\/p>\n<p>El funcionario dijo que en caso de alguna contingencias estos espacios se activar\u00e1n y se implementar\u00e1 un operativo conjunto con dependencias como el DIF municipal, Servicios M\u00e9dicos Municipales y Jurisdicci\u00f3n Sanitaria V, entre otros.<\/p>\n","protected":false},"excerpt":{"rendered":"<p>&nbsp; Ciudad Valles.- La Direcci\u00f3n de Protecci\u00f3n Civil municipal dio a conocer que cuentan con siete espacios habilitados como refugios temporales, para ser activados de inmediato en caso un contingencia clim\u00e1tica. El titular de la dependencia, Jorge \u00c1ngel Gamero Puga, inform\u00f3 que cuatro de los &hellip; <\/p>\n","protected":false},"author":1,"featured_media":41181,"comment_status":"open","ping_status":"open","sticky":false,"template":"","format":"standard","meta":{"footnotes":""},"categories":[7,4],"tags":[],"class_list":["post-41180","post","type-post","status-publish","format-standard","has-post-thumbnail","hentry","category-ciudad","category-inicio"],"_links":{"self":[{"href":"https:\/\/amanecerhuasteco.com\/portal\/wp-json\/wp\/v2\/posts\/41180","targetHints":{"allow":["GET"]}}],"collection":[{"href":"https:\/\/amanecerhuasteco.com\/portal\/wp-json\/wp\/v2\/posts"}],"about":[{"href":"https:\/\/amanecerhuasteco.com\/portal\/wp-json\/wp\/v2\/types\/post"}],"author":[{"embeddable":true,"href":"https:\/\/amanecerhuasteco.com\/portal\/wp-json\/wp\/v2\/users\/1"}],"replies":[{"embeddable":true,"href":"https:\/\/amanecerhuasteco.com\/portal\/wp-json\/wp\/v2\/comments?post=41180"}],"version-history":[{"count":2,"href":"https:\/\/amanecerhuasteco.com\/portal\/wp-json\/wp\/v2\/posts\/41180\/revisions"}],"predecessor-version":[{"id":41183,"href":"https:\/\/amanecerhuasteco.com\/portal\/wp-json\/wp\/v2\/posts\/41180\/revisions\/41183"}],"wp:featuredmedia":[{"embeddable":true,"href":"https:\/\/amanecerhuasteco.com\/portal\/wp-json\/wp\/v2\/media\/41181"}],"wp:attachment":[{"href":"https:\/\/amanecerhuasteco.com\/portal\/wp-json\/wp\/v2\/media?parent=41180"}],"wp:term":[{"taxonomy":"category","embeddable":true,"href":"https:\/\/amanecerhuasteco.com\/portal\/wp-json\/wp\/v2\/categories?post=41180"},{"taxonomy":"post_tag","embeddable":true,"href":"https:\/\/amanecerhuasteco.com\/portal\/wp-json\/wp\/v2\/tags?post=41180"}],"curies":[{"name":"wp","href":"https:\/\/api.w.org\/{rel}","templated":true}]}}