{"id":41234,"date":"2019-11-13T22:28:35","date_gmt":"2019-11-14T04:28:35","guid":{"rendered":"http:\/\/amanecerhuasteco.com\/portal\/?p=41234"},"modified":"2019-11-13T22:28:35","modified_gmt":"2019-11-14T04:28:35","slug":"ayuntamiento-invitan-a-la-expo-foro-de-la-inclusion-2019","status":"publish","type":"post","link":"https:\/\/amanecerhuasteco.com\/portal\/ayuntamiento-invitan-a-la-expo-foro-de-la-inclusion-2019\/","title":{"rendered":"Ayuntamiento invitan a la Expo Foro de la Inclusi\u00f3n 2019"},"content":{"rendered":"<p>&nbsp;<\/p>\n<p>Ciudad Valles.- La Direcci\u00f3n de Atenci\u00f3n a la Juventud en coordinaci\u00f3n con el Sistema Municipal del DIF invitan a la poblaci\u00f3n a la Expo Foro de la Inclusi\u00f3n 2019, la cual se desarrollar\u00e1 el 28 de noviembre a las 9 de la ma\u00f1ana en el sal\u00f3n Catalina.<\/p>\n<p>Andr\u00e9s V\u00e1zquez Torres, titular de la direcci\u00f3n, explic\u00f3 que esta Expo Foro incluye conferencias, pl\u00e1ticas y talleres, con la participaci\u00f3n de diferentes escuelas que atienden casos de discapacidad.<\/p>\n<p>Indic\u00f3 que habr\u00e1 importantes charlas motivacionales.<\/p>\n<p>\u00a1La entrada es gratuita!<\/p>\n","protected":false},"excerpt":{"rendered":"<p>&nbsp; Ciudad Valles.- La Direcci\u00f3n de Atenci\u00f3n a la Juventud en coordinaci\u00f3n con el Sistema Municipal del DIF invitan a la poblaci\u00f3n a la Expo Foro de la Inclusi\u00f3n 2019, la cual se desarrollar\u00e1 el 28 de noviembre a las 9 de la ma\u00f1ana en &hellip; <\/p>\n","protected":false},"author":1,"featured_media":41235,"comment_status":"open","ping_status":"open","sticky":false,"template":"","format":"standard","meta":{"footnotes":""},"categories":[7,4],"tags":[],"class_list":["post-41234","post","type-post","status-publish","format-standard","has-post-thumbnail","hentry","category-ciudad","category-inicio"],"_links":{"self":[{"href":"https:\/\/amanecerhuasteco.com\/portal\/wp-json\/wp\/v2\/posts\/41234","targetHints":{"allow":["GET"]}}],"collection":[{"href":"https:\/\/amanecerhuasteco.com\/portal\/wp-json\/wp\/v2\/posts"}],"about":[{"href":"https:\/\/amanecerhuasteco.com\/portal\/wp-json\/wp\/v2\/types\/post"}],"author":[{"embeddable":true,"href":"https:\/\/amanecerhuasteco.com\/portal\/wp-json\/wp\/v2\/users\/1"}],"replies":[{"embeddable":true,"href":"https:\/\/amanecerhuasteco.com\/portal\/wp-json\/wp\/v2\/comments?post=41234"}],"version-history":[{"count":2,"href":"https:\/\/amanecerhuasteco.com\/portal\/wp-json\/wp\/v2\/posts\/41234\/revisions"}],"predecessor-version":[{"id":41237,"href":"https:\/\/amanecerhuasteco.com\/portal\/wp-json\/wp\/v2\/posts\/41234\/revisions\/41237"}],"wp:featuredmedia":[{"embeddable":true,"href":"https:\/\/amanecerhuasteco.com\/portal\/wp-json\/wp\/v2\/media\/41235"}],"wp:attachment":[{"href":"https:\/\/amanecerhuasteco.com\/portal\/wp-json\/wp\/v2\/media?parent=41234"}],"wp:term":[{"taxonomy":"category","embeddable":true,"href":"https:\/\/amanecerhuasteco.com\/portal\/wp-json\/wp\/v2\/categories?post=41234"},{"taxonomy":"post_tag","embeddable":true,"href":"https:\/\/amanecerhuasteco.com\/portal\/wp-json\/wp\/v2\/tags?post=41234"}],"curies":[{"name":"wp","href":"https:\/\/api.w.org\/{rel}","templated":true}]}}