{"id":41658,"date":"2019-11-27T15:49:49","date_gmt":"2019-11-27T21:49:49","guid":{"rendered":"http:\/\/amanecerhuasteco.com\/portal\/?p=41658"},"modified":"2019-11-27T15:49:49","modified_gmt":"2019-11-27T21:49:49","slug":"firman-jm-carreras-y-titular-de-conavim-carta-intencion-para-la-erradicacion-de-la-violencia-contra-las-mujeres-en-escuelas","status":"publish","type":"post","link":"https:\/\/amanecerhuasteco.com\/portal\/firman-jm-carreras-y-titular-de-conavim-carta-intencion-para-la-erradicacion-de-la-violencia-contra-las-mujeres-en-escuelas\/","title":{"rendered":"Firman JM Carreras y titular de CONAVIM \u00a0carta intenci\u00f3n para la erradicaci\u00f3n de la violencia contra las mujeres en escuelas  \u00a0"},"content":{"rendered":"<p><strong>\u00a0<\/strong><\/p>\n<p>&nbsp;<\/p>\n<ul>\n<li><strong>SLP es la primera entidad en firmar esta Carta Intenci\u00f3n para fortalecer las pol\u00edticas p\u00fablicas contra la violencia de g\u00e9nero en escuelas del nivel b\u00e1sico. <\/strong><\/li>\n<\/ul>\n<p>San Luis Potos\u00ed.- Con el objetivo de sumar esfuerzos interinstitucionales en la aplicaci\u00f3n de pol\u00edticas p\u00fablicas para la eliminaci\u00f3n de la violencia contra las mujeres, adolescentes y ni\u00f1as en escuelas de nivel b\u00e1sico, el Gobernador del Estado, Juan Manuel Carreras L\u00f3pez y la titular de la Comisi\u00f3n Nacional para Prevenir y Erradicar la Violencia contra las Mujeres (CONAVIM), Mar\u00eda Candelaria Ochoa \u00c1valos, firmaron la Carta Intenci\u00f3n que consolida el compromiso de la entidad potosina con la inclusi\u00f3n en materias y materiales de educaci\u00f3n en el respeto a los derechos de todas y todos, perspectiva de g\u00e9nero y cultura de paz.<\/p>\n<p>Carreras L\u00f3pez, destac\u00f3 que, desde el inicio de su Administraci\u00f3n se implement\u00f3 el programa \u201cPrevenir Est\u00e1 Chido\u201d del Instituto Potosino de la Juventud (INPOJUVE), para fomentar la correcta toma de decisiones sobre los problemas que aquejan a las j\u00f3venes, posteriormente, se ampli\u00f3 a instituciones educativas del nivel b\u00e1sico, con el que se redoblaron esfuerzos para la prevenci\u00f3n de la violencia, embarazos, adicciones y la promoci\u00f3n de la igualdad.<\/p>\n<p>Carreras L\u00f3pez, destac\u00f3 que San Luis Potos\u00ed es la primera entidad en firmar este acuerdo, con lo que se priorizar\u00e1 la eliminaci\u00f3n de la violencia en contra de ellas, desde las causas y or\u00edgenes.<\/p>\n<p>Mar\u00eda Candelaria \u00c1valos Ochoa, titular de CONAVIM, dijo que con la firma de esta Carta Intenci\u00f3n se trabajar\u00e1 coordinadamente con el Gobierno del Estado para evitar comportamientos violentos en las relaciones personales entre adolescentes y j\u00f3venes, as\u00ed como propiciar la concientizaci\u00f3n en la seguridad, dignidad y libertad de las personas.<\/p>\n<p>La funcionaria federal, dio a conocer que con este acuerdo la entidad potosina fortalece su alianza y compromiso con la prevenci\u00f3n y erradicaci\u00f3n de la violencia de g\u00e9nero; as\u00ed como el trabajo entre CONAVIM y las autoridades estatales en el dise\u00f1o de nuevas pol\u00edticas para atender el problema; se intervendr\u00e1 en espacios educativos considerados estrat\u00e9gicos a partir del presente ciclo escolar.<\/p>\n<p>De la misma forma, se fortalecer\u00e1n acciones para eliminar estereotipos violentos entre la ni\u00f1ez y juventud; se garantizar\u00e1n los derechos de las v\u00edctimas; se emitir\u00e1n mensajes permanentes de cero tolerancia a la violencia contra las mujeres y se redoblar\u00e1n esfuerzos con municipios para la correcta aplicaci\u00f3n de las medidas establecidas por la Alerta de Violencia de G\u00e9nero contra las Mujeres.<\/p>\n<p>A esta firma de convenio asisti\u00f3 Julieta M\u00e9ndez Salas, Coordinadora General de los Centros de Justicia para las Mujeres; Erika Vel\u00e1zquez Guti\u00e9rrez, Director del Instituto de las Mujeres; Joel Ram\u00edrez D\u00edaz, Secretario de Educaci\u00f3n; Alejandro Leal Tov\u00edas, Secretario General de Gobierno; Jaime Ernesto Pineda Arteaga, Secretario de Seguridad P\u00fablica; Armando Oviedo \u00c1brego, Secretariado Ejecutivo del Consejo Estatal de Seguridad P\u00fablica y Luis Fernando Alonso Molina, Instituto Potosino de la Juventud.<\/p>\n<p>&nbsp;<\/p>\n<p>&nbsp;<\/p>\n<p><strong>\u00a0<\/strong><\/p>\n","protected":false},"excerpt":{"rendered":"<p>\u00a0 &nbsp; SLP es la primera entidad en firmar esta Carta Intenci\u00f3n para fortalecer las pol\u00edticas p\u00fablicas contra la violencia de g\u00e9nero en escuelas del nivel b\u00e1sico. San Luis Potos\u00ed.- Con el objetivo de sumar esfuerzos interinstitucionales en la aplicaci\u00f3n de pol\u00edticas p\u00fablicas para la &hellip; <\/p>\n","protected":false},"author":1,"featured_media":41659,"comment_status":"open","ping_status":"open","sticky":false,"template":"","format":"standard","meta":{"footnotes":""},"categories":[11,4],"tags":[],"class_list":["post-41658","post","type-post","status-publish","format-standard","has-post-thumbnail","hentry","category-estado","category-inicio"],"_links":{"self":[{"href":"https:\/\/amanecerhuasteco.com\/portal\/wp-json\/wp\/v2\/posts\/41658","targetHints":{"allow":["GET"]}}],"collection":[{"href":"https:\/\/amanecerhuasteco.com\/portal\/wp-json\/wp\/v2\/posts"}],"about":[{"href":"https:\/\/amanecerhuasteco.com\/portal\/wp-json\/wp\/v2\/types\/post"}],"author":[{"embeddable":true,"href":"https:\/\/amanecerhuasteco.com\/portal\/wp-json\/wp\/v2\/users\/1"}],"replies":[{"embeddable":true,"href":"https:\/\/amanecerhuasteco.com\/portal\/wp-json\/wp\/v2\/comments?post=41658"}],"version-history":[{"count":1,"href":"https:\/\/amanecerhuasteco.com\/portal\/wp-json\/wp\/v2\/posts\/41658\/revisions"}],"predecessor-version":[{"id":41660,"href":"https:\/\/amanecerhuasteco.com\/portal\/wp-json\/wp\/v2\/posts\/41658\/revisions\/41660"}],"wp:featuredmedia":[{"embeddable":true,"href":"https:\/\/amanecerhuasteco.com\/portal\/wp-json\/wp\/v2\/media\/41659"}],"wp:attachment":[{"href":"https:\/\/amanecerhuasteco.com\/portal\/wp-json\/wp\/v2\/media?parent=41658"}],"wp:term":[{"taxonomy":"category","embeddable":true,"href":"https:\/\/amanecerhuasteco.com\/portal\/wp-json\/wp\/v2\/categories?post=41658"},{"taxonomy":"post_tag","embeddable":true,"href":"https:\/\/amanecerhuasteco.com\/portal\/wp-json\/wp\/v2\/tags?post=41658"}],"curies":[{"name":"wp","href":"https:\/\/api.w.org\/{rel}","templated":true}]}}