{"id":41733,"date":"2019-11-29T19:18:27","date_gmt":"2019-11-30T01:18:27","guid":{"rendered":"http:\/\/amanecerhuasteco.com\/portal\/?p=41733"},"modified":"2019-11-29T19:18:27","modified_gmt":"2019-11-30T01:18:27","slug":"entre-columnas-394","status":"publish","type":"post","link":"https:\/\/amanecerhuasteco.com\/portal\/entre-columnas-394\/","title":{"rendered":"ENTRE COLUMNAS  \u00a0"},"content":{"rendered":"<p><strong>Solo $6.42 pesos de incremento a la tarifa del agua fue autorizada por la comisi\u00f3n del agua, contra 19.94 pesos que solicito el organismo de Ciudad Valles,\u2026<\/strong>Diputado se contradicen con lo anunciado hace un mes\u2026<strong>..<\/strong>Hubo \u201cnegociaciones$$$$$$$?\u201d donde\u00a0 se impusieron tarifas\u2026..De hecho el Director del organismo Marco Antonio Guillen Camarillo estuvo ausente toda la semana en las oficinas de DAPAS y se la paso en la capital potosina, arreglando la propuesta de incremento\u2026..<\/p>\n<p>\u2026Cada a\u00f1o ocurre lo mismo, los diputados de la Comisi\u00f3n de aguas\u00a0 del Congreso, juran que no aprobar\u00e1n incrementos en las tarifas\u00a0 de consumo de agua, posiblemente no mas\u00a0 del porcentaje\u00a0 del \u00edndice inflacionario que\u00a0 se publica\u00a0 en los primeros meses del siguiente a\u00f1o,\u00a0 y as\u00ed lo declar\u00f3\u00a0 el presidente de esta comisi\u00f3n Mario L\u00e1rraga Delgado al declarar el \u201cAumento a las tarifas del agua de acuerdo al \u00edndice inflacionario\u201d\u2026. declar\u00f3, no autoriz\u00f3 ning\u00fan posible incremento a las tarifas de agua para el pr\u00f3ximo a\u00f1o, \u00a0se\u00a0 sab\u00eda por informaci\u00f3n\u00a0 period\u00edstica que\u00a0 solicitar\u00edan los organismos operadores un incremento del 15% .\u201d\u00a0\u00a0 sobre\u00a0 el tema, la Dapas\u00a0\u00a0 de\u00a0 Valles\u00a0 est\u00e1\u00a0 hasta pensando en un 18% al 20% \u00a0trascendi\u00f3\u00a0 en fuentes del organismo\u2026.Record\u00f3 el legislador\u00a0 que el pasado a\u00f1o pretendi\u00f3 un\u00a0 aumento\u00a0 hasta del 40%\u00a0 pero fueron frenadas sus intenciones &#8211; \u00a0agreg\u00f3\u00a0 que los legisladores \u201cEstar\u00edamos dispuestos a analizar el aumento a las tarifas del agua de acuerdo al \u00edndice inflacionario nacional, que tenemos entendido que es del 3.6% este a\u00f1o, que no exceda tanto y que los recursos que lleguen a recabar se usen para el crecimiento de la infraestructura de cada uno de los organismos no que los anden usando en comprarse camionetas del a\u00f1o\u201d.\u00a0\u00a0\u00a0 Que se invierta en tuber\u00eda para aumentar la cantidad de usuarios beneficiados, \u00a0porque somos de los estados \u00a0que menos provee de agua a la poblaci\u00f3n y sin embargo tenemos el agua m\u00e1s cara de M\u00e9xico. Indic\u00f3, que en San Luis Potos\u00ed somos el 6 lugar con el agua m\u00e1s cara en todo el pa\u00eds, en San Luis Potos\u00ed, tenemos el lugar donde esta m\u00e1s cara el agua de todo el pa\u00eds, como es el municipio de \u201cReal de Catorce\u201d donde se cobra 1000 pesos por mes\u2026\u2026\u2026\u2026..En Valles\u00a0 ir\u00f3nicamente\u00a0\u00a0 esta\u00a0 rodeada de r\u00edos y una\u00a0 enorme presa pero carece de\u00a0\u00a0 infraestructura adecuada\u00a0 para\u00a0 llevar el agua\u00a0 desde\u00a0 los\u00a0 afluentes de\u00a0 los r\u00edos hasta la planta procesadora y enfrenta\u00a0 problemas laborales que est\u00e1n en finiquito.<\/p>\n<p><strong>++++++++++<\/strong><\/p>\n<p><strong>T<\/strong><strong>ENIS\u00a0 PANAM\u201d<\/strong><\/p>\n<p><strong>CALIDAD, ESTILOS Y PRECIO.<\/strong><\/p>\n<p><strong>Vis\u00edtanos. Madero 114 norte (entre Ju\u00e1rez y Escontr\u00eda) Cd. Valles SLP M\u00e9xico.<\/strong><\/p>\n<p><strong>++++++<\/strong><\/p>\n<p><strong>CREDITO INMEDIATO A JUBILADOS Y PENSIONADOS.<\/strong><\/p>\n<p><strong>del IMSS e ISSTE\u2026..R\u00e1pido confiable\u00a0\u00a0 buro flexible.<\/strong><\/p>\n<p><strong>Celular 4811039565\u2026.<\/strong><\/p>\n<p><strong>++++++++++++++<\/strong><\/p>\n<p><strong>\u00a0<\/strong><\/p>\n<p><strong>\u00a0<\/strong><\/p>\n<p><strong>\u00a0<\/strong><\/p>\n<p><strong>\u00a0<\/strong><\/p>\n<p><strong>DIRECTOR DE PROTECCION CIVIL, PASA CHAROLA A CONTRIBUYENTES PARA \u201cLA NAVIDAD\u201d<\/strong><\/p>\n<p><strong>Contribuyentes de esta ciudad\u00a0 estuvieron recibiendo\u00a0 en el curso de la semana sendos \u201cmemes\u201d impresos firmados\u00a0 y sellados\u00a0 provenientes de la Direcci\u00f3n de Protecci\u00f3n civil, aparece nombre del titular\u00a0 ingeniero\u00a0 Jorge \u00c1ngel Gamero Puga, \u201cinvitando\u201d a los destinatarios sumarse a\u00a0 la contribuci\u00f3n de regalos\u00a0 para celebrar la posada\u00a0 navide\u00f1a\u00a0 del personal d esa dependencia en\u00a0 el presente a\u00f1o. <\/strong><\/p>\n<p><strong>Las \u201cinvitaciones\u201d\u00a0 a colaborar son\u00a0 empresas donde\u00a0 la dependencia tiene injerencia\u00a0 directa\u00a0 en el tema de la seguridad\u00a0 realizando verificaciones y la obligaci\u00f3n fiscal adem\u00e1s de\u00a0 cubrir\u00a0 un impuesto al municipio para obtener la licencia correspondiente aprobada.<\/strong><\/p>\n<p><strong>El oficio\u00a0 textualmente dice: <\/strong><strong>: Por medio de la presente reciban un cordial saludo, debido a las fechas que se aproximan solicitamos su apoyo para esta temporada decembrina; requiriendo alg\u00fan detalle como obsequios para los trabajadores de esta coordinaci\u00f3n la posada de este departamento ser\u00e1 el 10 de diciembre de 2019, como agradecimiento al servicio que prestan, de antemano le dan las gracias dese\u00e1ndoles una feliz navidad y pr\u00f3spero a\u00f1o nuevo\u201d\u00a0\u00a0 nombre , firma y sello de la oficina\u00a0 expedidora.\u00a0 <\/strong><\/p>\n<p><strong>A todo esto, el alcalde Adri\u00e1n Esper y el cabildo aprobaron\u00a0 que se hiciera\u00a0 el exhorto de colaboraci\u00f3n para festejar\u00a0 a los empleados de Protecci\u00f3n Civil?<\/strong><\/p>\n<p><strong>++++++++++++++<\/strong><\/p>\n<p><strong>Frutas y legumbres \u201cEL PEQUES\u201d<\/strong><\/p>\n<p><strong>Local 51 en el mercado\u00a0 \u201cGonzalo N. Santos\u201d por la calle P. D\u00edaz frente a la Tortiller\u00eda. Tel.\u00a0 381-14-64 para servicio a domicilio de sus pedidos. mayoreo y menudeo a los mejores precios.<\/strong><\/p>\n<h2>Atenci\u00f3n personal de su amigo \u201cEl Peque\u201d<\/h2>\n<p><strong>+++++++<\/strong><\/p>\n<p>Sal\u00f3n de fiestas<\/p>\n<p>\u201cECLIPSE\u201d\u00a0 Sal\u00f3n de eventos, incluye<br \/>\n-Mobiliario para 100 personas<br \/>\n-Alberca<br \/>\n-\u00c1rea de servicio<br \/>\nInformes al 4811073382<\/p>\n<p>+++++<\/p>\n<p>SE\u00a0\u00a0\u00a0 ACABO LA TOLERANCIA\u00a0 BAJO EL ARGUMENTO DE\u00a0 DELINCUENTES \u201cMENORES DE EDAD\u201d\u2026..Los menores de edad a partir de los 14 a\u00f1os, que sean acusados de haber cometido delitos graves ya podr\u00e1n obtener prisi\u00f3n preventiva hasta por cinco meses, as\u00ed lo \u00a0revela un comunicado de la Suprema Corte de Justicia de la Naci\u00f3n.<\/p>\n<p>Al avalar esta orden, los j\u00f3venes podr\u00e1n pasar cinco meses tras las rejas mientras esperan que les dicten su sentencia.<\/p>\n<p>La SCJN el Pleno acept\u00f3 la Ley General del Sistema Integral de Justicia para Adolescentes, con ocho votos a favor y tres en contra.<\/p>\n<p>Los menores acusados de delincuencia organizada, narcotr\u00e1fico, homicidio, extorsi\u00f3n,\u00a0trata de personas, terrorismo y robo con violencia recibir\u00e1n su castigo antes de esperar a que cumplan la mayor\u00eda de edad<\/p>\n<p>El d\u00eda de ma\u00f1ana ser\u00e1 discutido el tema de \u00abinternamiento domiciliario<\/p>\n<p><strong>+++++++++++++<\/strong><\/p>\n<p><strong>YA ESTAMOS EN CASA\u2026\u2026..<\/strong><\/p>\n<p><strong>Calle Martha No.\u00a0 Entrada al Carmen 2 Junto a Oxxo.<\/strong><\/p>\n<p><strong>RESTAURANT\u00a0 DE\u00a0 MARISCOS \u201cEL PARAISO\u201d<\/strong><\/p>\n<p><strong>Atenci\u00f3n personal de su propietario Chanito.<\/strong><\/p>\n<p><strong>Solicite presupuesto, precios\u00a0 y ordene al <\/strong><\/p>\n<p><strong>\u00a0\u00a0\u00a0\u00a0\u00a0\u00a0\u00a0\u00a0\u00a0\u00a0\u00a0\u00a0\u00a0 Celular 481 102 5590<\/strong><\/p>\n<p><strong>Servicio de 11\u00a0\u00a0 a 8 de la noche<\/strong><\/p>\n<p><strong>++++++++++++++<\/strong><\/p>\n<p><strong>MICOSIS\u2026..<\/strong><\/p>\n<p><strong>Una nueva tecnolog\u00eda\u00a0 para la identificaci\u00f3n\u00a0\u00a0 de los hongos de importancia m\u00e9dica.<\/strong><\/p>\n<p><strong>El oportunismo es favorecido\u00a0 por un gran n\u00famero de factores\u00a0 ligados principalmente a procedimientos terap\u00e9uticos como el uso\u00a0 indiscriminado de antibi\u00f3ticos y esteroides\u00a0 citot\u00f3xicos, trasplantes de m\u00e9dula \u00f3sea y \u00f3rganos s\u00f3lidos, instalaci\u00f3n de cat\u00e9teres venenosos,\u00a0 nutrici\u00f3n parenteral as\u00ed como drogadicci\u00f3n, neoplasias, col genopat\u00edas, prematurez y diabetes mellitus, la severidad de \u00a0las micosis oportunistas\u00a0 depende de la incapacidad\u00a0 del sistema inmune del individuo\u00a0 para limitar el proceso\u00a0 infeccioso\u00a0 de los factores de su virulencia del hongo y de las condiciones\u00a0 del microambiente en que se lleva a cabo la interacci\u00f3n\u00a0 hospedero parasito.<\/strong><\/p>\n<p><strong>Identifica el agente casual\u00a0 de su problema mic\u00f3tico y seleccionando medicamento selectivo.-<\/strong><\/p>\n<p><strong>La identificaci\u00f3n de micosis y el aislamiento\u00a0\u00a0 d hongos considerados\u00a0 no pat\u00f3genos primarios, a partir de\u00a0 espec\u00edmenes que contienen\u00a0 una biota diversa y abundante representa un problema en la interpretaci\u00f3n\u00a0 de su papel como pat\u00f3geno por lo que es necesario establecer\u00a0 y reunir ciertos par\u00e1metros para definir su participaci\u00f3n\u00a0 en la enfermedad.\u00a0\u00a0 Cada d\u00eda es mayor el \u00edndice\u00a0 de infecciones en pacientes\u00a0 inmudo deprimidos, causadas por hongos de bajo potencia pat\u00f3geno\u00a0 como C\u00e1ndida aspergillus penicillum, furarium y geotrichum.<\/strong><\/p>\n<p><strong>Tenemos la soluci\u00f3n completa para determinar\u00a0 Micosis invasivas.\u00a0\u00a0 Los estudios\u00a0 de laboratorio son auxiliares en el\u00a0 diagn\u00f3stico y deben estar\u00a0 en el diagn\u00f3stico y deben estar siempre\u00a0 interpretados por su m\u00e9dico.<\/strong><\/p>\n<p><strong>Las enfermedades producidas por Micosis (hongos)\u00a0 son en la actualidad\u00a0 un problema de salud que no hemos querido abordar\u00a0 sobre todo en esta zona Huasteca, caracterizada por su clima tropical\u2026. Diagnostica a tiempo el agente\u00a0 causal de la micosis y su medicamento.<\/strong><\/p>\n<p><strong>Antif\u00fangicos:\u00a0 Anfoterecina B, Icetoconazol. Fluconazol,\u00a0 varicanazol, nistatina. Miconazol, econazol y\u00a0 clotrimazol. <\/strong><\/p>\n<p><strong>++++++++++++++<\/strong><\/p>\n<p><strong>QFB\u00a0 FABIOLA GARCIA ALVAREZ<\/strong><\/p>\n<p><strong>Perito dictaminador en an\u00e1lisis bacteriol\u00f3gico de agua<\/strong><\/p>\n<p><strong>Y alimentos con n\u00famero GES-PD 0705<\/strong><\/p>\n<p><strong>Perito dictaminador en\u00a0 estupefacientes GES-PD0523<\/strong><\/p>\n<p><strong>Maestr\u00eda\u00a0 en an\u00e1lisis cl\u00ednicos 1301 \u2013 368068<\/strong><\/p>\n<p><strong>Ced prof<\/strong><strong>\u00b7<\/strong><strong>\u00a0 8664204\u00a0\u00a0 Tel. 38 1 66 64<\/strong><\/p>\n<p><strong>Asesor\u00eda,\u00a0 auditor\u00eda\u00a0 y gesti\u00f3n ambiental.}<\/strong><\/p>\n<ol>\n<li><strong> Victoria No. 8 zona centro Cd Valles SLP.<\/strong><\/li>\n<\/ol>\n<p><strong>+++++++++++++++<\/strong><\/p>\n<p><strong>REDUCIRAN MOLIENDA LOS INGENIOS POR DA\u00d1OS DE LA SEQUIA\u2026\u2026 Solamente\u00a0 el ingenio San Miguel de El Naranjo rebasar\u00e1 un mill\u00f3n de toneladas\u2026\u2026Los dem\u00e1s, apenas\u00a0 un 50%\u00a0 de su producci\u00f3n.<\/strong><\/p>\n<p><strong>En\u00a0 el curso de un mes\u00a0 arrancan las moliendas de las actividades fabriles\u00a0 los 4 ingenios\u00a0 azucareros de la Huasteca Potosina, se ha\u00a0 fijado\u00a0 la primera semana de\u00a0 enero .<\/strong><\/p>\n<p><strong>Los dirigentes de organizaciones ca\u00f1eras coincidieron en informar que la cosecha apenas si lograr\u00e1 el 50%\u00a0 de la cosecha del pasado a\u00f1o por lo que se avizora una situaci\u00f3n econ\u00f3mica\u00a0\u00a0 de\u00a0 graves consecuencias.\u00a0\u00a0 <\/strong>Como antecedente, en Valles circulan 2 mil millones de pesos anuales\u00a0 derivados de\u00a0 la producci\u00f3n ca\u00f1era, turismo y ganader\u00eda, debido a las consecuencias\u00a0 de la sequ\u00eda\u00a0 la cosecha se redujo al 50%\u00a0 lo que impactar\u00e1 en la econom\u00eda\u00a0 de la\u00a0 regi\u00f3n.\u00a0\u00a0 Las consecuencias econ\u00f3micas\u00a0 se reflejar\u00e1n mas all\u00e1\u00a0 del pr\u00f3ximo a\u00f1o porque\u00a0 ser\u00e1 necesario\u00a0 reponer las cepas de\u00a0 los ca\u00f1averales\u00a0 afectados y los productores\u00a0 no tienen capacidad econ\u00f3mica para\u00a0 hacer frente a\u00a0 la reposici\u00f3n de sus cultivos.\u00a0 Esta semana\u00a0 el gobierno del estado\u00a0 hizo llegar el apoyo econ\u00f3mico\u00a0 pero es insuficiente ante la necesidad real del campo ca\u00f1ero.-<\/p>\n<p><strong>Principio del formularioFinal del formularioFinal del formulario<\/strong><strong>+++++++++++++++<\/strong><\/p>\n<p><strong>\u201cHOTEL RIVIERA\u201d\u00a0\u00a0 en el coraz\u00f3n de <\/strong><\/p>\n<h2>Ciudad Valles SLP.<\/h2>\n<h2>5 DE Mayo 24\u00a0 Tel 014813823097<\/h2>\n<h3>Email <a href=\"mailto:hotelrivieravalles@hotmail.com\">hotelrivieravalles hotmail.com<\/a><\/h3>\n<p><strong>T\u00edpicamente Huasteco.<\/strong><\/p>\n<p><strong>+++++++++++++<\/strong><\/p>\n<p>\u201cASE- LAVANDERIA\u201d\u00a0 DE CUENTAS PUBLICAS, ACUSA C. O.<\/p>\n<p>+.- Que presenten pruebas dice la titular de la ASE.<\/p>\n<p>Militantes de la organizaci\u00f3n capitalina Ciudadanos Observando\u00a0 Frente Ciudadano Anticorrupci\u00f3n \u201cclausuraron\u201d simb\u00f3licamente las oficinas generales\u00a0 de la ASE, colocaron cartulinas\u00a0 sobre las ventanas y puertas de acceso<\/p>\n<p>se\u00f1alaron a esta dependencia como encubridora y \u201clavander\u00eda\u201d de cuentas p\u00fablicas, aun cuando \u00e9sta ya ha promovido denuncias contra funcionarios e incluso proveedores de bienes y \u00a0servicios \u00a0al sector oficial.<\/p>\n<p>Guadalupe Gonz\u00e1lez, vocero de C. O . declar\u00f3 que la actual titular de la ASE, Roc\u00edo Elizabeth Cervantes Salgado, \u201ctraicion\u00f3 el voto de confianza que nos pidi\u00f3 hace un a\u00f1o, cuando dijo que har\u00eda las cosas diferentes, que entregar\u00eda resultados en el combate a la corrupci\u00f3n y que no se manejar\u00edan m\u00e1s n\u00f3minas o partidas secretas dentro de la instituci\u00f3n\u201d. En una de las cartulinas\u00a0 se le\u00eda dirigida al gobernador de \u201cser sordo y encubrir abusos y corrupci\u00f3n\u201d, otra que declaraba a la dependencia como \u201cun efectivo servicio de limpieza que cuenta con un poderoso blanqueador de cuentas p\u00fablicas que tiene muchos clientes satisfechos, como el Gobierno del Estado\u201d.<\/p>\n<p>El p\u00fablico que pasaba frente al edificio vi\u00f3\u00a0 una cubeta qe\u00a0 colocaron los manifestantes con utensilios de limpieza como escoba, trapeador y l\u00edquidos limpiadores, con el mensaje de \u201c\u00bfNecesitas limpieza? La ASE te los presta\u201d.<\/p>\n<p>Por su parte el\u00a0 portavoz del FCA, Manuel Nava Calvillo, reclam\u00f3 a la titular de la Auditor\u00eda Superior que la revisi\u00f3n de las cuentas p\u00fablicas de 113 entes fiscalizables \u201cest\u00e9 convertida en una simulaci\u00f3n y que sea la propia dependencia la que obstaculiza a los \u00f3rganos internos de control para que estos puedan dar seguimiento al enriquecimiento il\u00edcito de funcionarios durante el desempe\u00f1o de sus cargos\u201d. Asistieron ciudadanos inconformes de Ciudad del Ma\u00edz\u00a0 que fue en ese municipio donde se\u00a0 practic\u00f3 el \u201cmochegate\u201d .. Los dirigentes coincidieron en demandar\u00a0 transparencia y resultados efectivos de la ASE\u00a0 de no\u00a0 hacerlo, recurrir\u00e1n a juicio pol\u00edtico contra la titular.<\/p>\n<p>Por su parte la titular de la ASE\u00a0 expres\u00f3 a los manifestantes\u00a0 que presenten pruebas\u00a0 de las imputaciones que hacen.<\/p>\n<p><strong>+++++++++<\/strong><\/p>\n<p><strong>CARROCERIAS <\/strong><\/p>\n<p><strong>BUSTOS.<\/strong><\/p>\n<p><strong>Reforma y Lerdo de tejada Col. Altavista.<\/strong><\/p>\n<p><strong>Cd Valles SLP\u00a0 Tel. 3824777.<\/strong><\/p>\n<p><strong>En carrocer\u00edas para camiones y camionetas nadie nos compite.<\/strong><\/p>\n<p><strong>+++++++++++++++<\/strong><\/p>\n<p>QUE PASO CON LA INVESTIGACION SOBRE ROBO DE AGUA A LOS TENEK.<\/p>\n<p>+.-\u00a0 Hasta alberca y un sal\u00f3n de fiestas\u00a0 surt\u00eda la red.<\/p>\n<p>Han pasado 2 meses\u00a0 y los funcionarios\u00a0 de la Dapa rural (desaparecida) o de Obras P\u00fablicas o del departamento de inteligencia de la polic\u00eda municipal, no han\u00a0 encontrado a\u00a0 ning\u00fan culpable del ROBO\u00a0 de agua\u00a0 de la red de abastecimiento al sistema hidr\u00e1ulico Tanchach\u00edn, mientras el desabasto\u00a0 de agua a las comunidades\u00a0 persiste, por ejemplo\u00a0 la semana pasada\u00a0 los mas de 15\u00a0 mil habitantes de la cordillera Tenek carecieron\u00a0 del suministro por supuestas fallas.<\/p>\n<p>En aquella fecha 23 de septiembre fueron denunciadas las tomas clandestinas les roban agua a los ind\u00edgenas, tambi\u00e9n hay una alberca de reciente construcci\u00f3n cerca de San Antonio Huichimal,\u00a0 denunci\u00f3 el director de Asuntos Ind\u00edgenas, Jos\u00e9 Doroteo Hern\u00e1ndez Moctezuma.<\/p>\n<p>Este\u00a0 funcionario municipal denunci\u00f3 que extra\u00f1amente los responsables del mantenimiento y operaci\u00f3n del sistema hidr\u00e1ulico\u00a0 no hab\u00edan detectado 4 tomas clandestinas a ranchos y residencias donde\u00a0\u00a0 riegan jardines\u00a0 acaparando el vital l\u00edquido y causando baja presi\u00f3n en la red.<\/p>\n<p>En el caso de la piscina\u00a0 es un sal\u00f3n de fiestas, necesariamente \u00a0hubo complicidad de alg\u00fan funcionario de la Dapas rural para realizar la conexi\u00f3n ,. A la fecha, todo sigue en el misterio.<\/p>\n<p>Las sospechas recaen\u00a0 sobre\u00a0 la Dapas rural y Obras P\u00fablicas, pero siguen ocultando el resultado de la investigaci\u00f3n.\u00a0 Esta irregularidad persiste, la semana anterior\u00a0 los habitantes de la zona Tenek\u00a0 sufri\u00f3 por en\u00e9sima ocasi\u00f3n la falta de agua.<\/p>\n<p><strong>+++++++++++++<\/strong><\/p>\n<p><strong>El sitio ideal para\u00a0 sus fiestas\u2026\u00a0\u00a0\u00a0\u00a0\u00a0\u00a0\u00a0\u00a0\u00a0\u00a0\u00a0\u00a0\u00a0\u00a0\u00a0\u00a0\u00a0\u00a0 <\/strong><\/p>\n<p><strong>\u00a0\u201cFINCA\u00a0 SAN ISIDRO\u201d <\/strong><\/p>\n<p><strong>Sal\u00f3n para fiestas de todo tipo.<\/strong><\/p>\n<p><strong>Carretera Valles \u2013 R\u00edo Verde Km. 8 <\/strong><\/p>\n<p><strong>Contrataciones al Tel. 01 481 179 09<\/strong><\/p>\n<p><strong>Cd. Valles SLP M\u00e9xico.<\/strong><\/p>\n<p><strong>++++++++++++++<\/strong><\/p>\n<p><strong>CUATRO REGIDORES\u00a0 EN LA \u201cCUERDA FLOJA\u201d<\/strong><\/p>\n<p><strong>La semana anterior, dos regidores mas fueron\u00a0 sumados a la solicitud de juicio pol\u00edtico presentada en el Congreso del Estado\u00a0 por el abogado Luis Contreras Malibr\u00e1n<\/strong>, quienes violaron (seg\u00fan la denuncia) el derecho de petici\u00f3n de un ciudadano que promovi\u00f3 un juicio de Amparo tras ser desalojado de unas instalaciones ubicadas en un campo deportivo. (instalaciones propiedad del municipio pero usufructuadas por el quejoso desalojado)<\/p>\n<p>El demandante, Fernando Javier Guerrero Carvajal, Presidente de la \u201cAsociaci\u00f3n Civil Liga de Fut \u2013 Bol, Valles, AC\u00bb, present\u00f3 en contra de los regidores Andr\u00e9s S\u00e1nchez Montemayor y Seraf\u00edn Castillo, y dos mas, el primero representante en el cabildo del partido Movimiento Ciudadano y el segundo del PRD, en contra de quienes solicita procedimiento de Juicio Pol\u00edtico por violentar el derecho humano consagrado en el art\u00edculo 8 de la Constituci\u00f3n Pol\u00edtica de los Estados Unidos Mexicanos, que es el derecho de Petici\u00f3n, teniendo su origen despu\u00e9s del \u201cilegal\u201d desalojo de las instalaciones de \u00abEl Guadiana\u00bb propiedad del municipio.<\/p>\n<p>El quejoso solicit\u00f3 informaci\u00f3n a cada uno de los integrantes del Cabildo sobre esos hechos, los cuales fueron omisos en responder, por lo que promovi\u00f3 juicio de amparo que al concederse\u00a0 pone de manifiesto la violaci\u00f3n del derecho fundamental de petici\u00f3n \u2013 dice el representante legal \u2013<\/p>\n<p>Lo cierto en este caso y como ocurre en otros\u00a0 campos deportivos, en el pasado reciente las\u00a0 administraciones municipales daban \u201cconcesiones\u201d\u00a0 a\u00a0 amigos o promotores pol\u00edticos para explotarlos inclusive\u00a0 con la venta de bebida embriagantes. El campo El Guadiana no es la excepci\u00f3n.<\/p>\n<p><strong>++++++++++++++<\/strong><\/p>\n<p><strong>\u00a0\u201cCAF\u00c9 Y RESTAURANT\u00a0 EL FAROLITO\u201d<\/strong><\/p>\n<p><strong>Lo mejor de la cocina Huasteca; el tradicional zacahuil y cazueladas.<\/strong><\/p>\n<p><strong>Atendemos toda clase de\u00a0 festejos. Pedidos al <\/strong><\/p>\n<p><strong>Tel\u00a0 3821017 Ciudad Valles SLP.<\/strong><\/p>\n<p><strong>+++++++++++++<\/strong><\/p>\n<p><strong>D E\u00a0 V O L A D A .-<\/strong><\/p>\n<p><strong>NO FUE DEBATE\u2026FUE CIRCO\u2026\u00a0 fue un \u201cdi\u00e1logo entre viejos amigos\u201d De los 9 que se apuntaron a participar en el\u00a0 debate convocado por el alcalde Adri\u00e1n Esper, solamente\u00a0 4\u00a0 acudieron al evento previo a la sesi\u00f3n del cabildo el jueves 28 del presente mes\u2026\u2026\u00a0 Las interrogantes que se hicieron\u00a0 no fueron la que el p\u00fablico esperaba y en cambio\u00a0 una respuesta fue contundente, el mun\u00edcipe con papeles en mano mostr\u00f3 a su \u201cinterrogador\u201d\u00a0 que los bienes\u00a0 que posee son \u201cbien habidas\u201d y en relaci\u00f3n con su abuelo priista, si \u201cahora viviera\u00a0 ir\u00eda\u00a0\u00a0 a quemar el edificio de la dirigencia nacional del tricolor\u201d vivi\u00f3 este personaje otros tiempos, no los del pasado reciente del moribundo RIP\u2026..<\/strong><\/p>\n<p><strong>YOLANDA CEPEDA y \u00c1ngel Castillo Torres, la primera dirigente\u00a0 pasajera del\u00a0 a\u00fan tricolor en el estado y el segundo relacionado con el mismo,\u00a0 fueron mencionados en el \u201cdebate\u201d\u00a0 pero habr\u00edan desistido hacer el rid\u00edculo porque ambos\u00a0 ni son vecinos de Ciudad Valles\u2026<\/strong><\/p>\n<p><strong>OCHO TRABAJADORES DE LA DAPAS\u00a0 para \u201ctapar un\u00a0 hoyo\u201d\u2026.Posiblemente usted lecor\u00a0 ha visto cuando trabajadores de la Dapas\u00a0 realizan labores de\u00a0 reparaci\u00f3n de alg\u00fan da\u00f1o en las redes de agua o drenaje. Son 8\u00a0 empleados los que se concentran en torno a la obra. Uno es el que trabaja y los 7\u00a0 restantes est\u00e1n\u00a0 \u201cchateando\u201d o sentados observ\u00e1ndolo. Si como dice el director que se han ahorrado\u00a0 hasta un 30 por ciento\u00a0 del monto de la n\u00f3mina, si se\u00a0 aprovechara solamente los necesarios, bajar\u00eda\u00a0 aun mas\u2026 Ch\u00e9quelo.<\/strong><\/p>\n<p><strong>CUIDESE DE LA POLICIA\u2026. En redes sociales se divulga el atraco\u00a0\u00a0 que cometen polic\u00edas estatales contra una persona de la \u201ctercera edad\u201d a quien con mal trato f\u00edsico lo arrojan a la\u00a0 camioneta y mas adelante lo \u201cbolsean\u201d exigi\u00e9ndole la lana, dici\u00e9ndole que ya cobr\u00f3 su pensi\u00f3n\u2026. No le encontraron nada y lo vuelven\u00a0 al sitio donde lo atracaron\u2026. <\/strong><\/p>\n<p><strong>+++++++++<\/strong><\/p>\n<p><strong>La cita es tradici\u00f3n en el Caf\u00e9 \u201cLa Nueva Fe\u201d\u00a0 aut\u00e9nticos platillos Huastecos\u00a0 aqu\u00ed los degustar\u00e1. Frente al palacio municipal Cd Valles, S,LP\u2026. Si usted visita Ciudad Valles y no degusta su exquisito caf\u00e9\u00a0 en \u201cLa Nueva Fe,\u00a0 no vino a Valles.<\/strong><\/p>\n<p><strong>++<\/strong><\/p>\n<p><strong>\u00a0<\/strong><\/p>\n<p><strong>\u00a0<\/strong><\/p>\n<p><strong>\u00a0<\/strong><\/p>\n<p><strong>\u00a0<\/strong><\/p>\n<p><strong>\u00a0<\/strong><\/p>\n<p><strong>\u00a0<\/strong><\/p>\n<p><strong>\u00a0<\/strong><\/p>\n<p><strong>\u00a0<\/strong><\/p>\n<p><strong>\u00a0<\/strong><\/p>\n<p><strong>\u00a0<\/strong><\/p>\n<p>&nbsp;<\/p>\n<p>&nbsp;<\/p>\n<p>&nbsp;<\/p>\n<p>&nbsp;<\/p>\n","protected":false},"excerpt":{"rendered":"<p>Solo $6.42 pesos de incremento a la tarifa del agua fue autorizada por la comisi\u00f3n del agua, contra 19.94 pesos que solicito el organismo de Ciudad Valles,\u2026Diputado se contradicen con lo anunciado hace un mes\u2026..Hubo \u201cnegociaciones$$$$$$$?\u201d donde\u00a0 se impusieron tarifas\u2026..De hecho el Director del organismo &hellip; <\/p>\n","protected":false},"author":1,"featured_media":36772,"comment_status":"open","ping_status":"open","sticky":false,"template":"","format":"standard","meta":{"footnotes":""},"categories":[17,4],"tags":[],"class_list":["post-41733","post","type-post","status-publish","format-standard","has-post-thumbnail","hentry","category-colaboraciones","category-inicio"],"_links":{"self":[{"href":"https:\/\/amanecerhuasteco.com\/portal\/wp-json\/wp\/v2\/posts\/41733","targetHints":{"allow":["GET"]}}],"collection":[{"href":"https:\/\/amanecerhuasteco.com\/portal\/wp-json\/wp\/v2\/posts"}],"about":[{"href":"https:\/\/amanecerhuasteco.com\/portal\/wp-json\/wp\/v2\/types\/post"}],"author":[{"embeddable":true,"href":"https:\/\/amanecerhuasteco.com\/portal\/wp-json\/wp\/v2\/users\/1"}],"replies":[{"embeddable":true,"href":"https:\/\/amanecerhuasteco.com\/portal\/wp-json\/wp\/v2\/comments?post=41733"}],"version-history":[{"count":2,"href":"https:\/\/amanecerhuasteco.com\/portal\/wp-json\/wp\/v2\/posts\/41733\/revisions"}],"predecessor-version":[{"id":41735,"href":"https:\/\/amanecerhuasteco.com\/portal\/wp-json\/wp\/v2\/posts\/41733\/revisions\/41735"}],"wp:featuredmedia":[{"embeddable":true,"href":"https:\/\/amanecerhuasteco.com\/portal\/wp-json\/wp\/v2\/media\/36772"}],"wp:attachment":[{"href":"https:\/\/amanecerhuasteco.com\/portal\/wp-json\/wp\/v2\/media?parent=41733"}],"wp:term":[{"taxonomy":"category","embeddable":true,"href":"https:\/\/amanecerhuasteco.com\/portal\/wp-json\/wp\/v2\/categories?post=41733"},{"taxonomy":"post_tag","embeddable":true,"href":"https:\/\/amanecerhuasteco.com\/portal\/wp-json\/wp\/v2\/tags?post=41733"}],"curies":[{"name":"wp","href":"https:\/\/api.w.org\/{rel}","templated":true}]}}