{"id":41873,"date":"2019-12-09T08:09:24","date_gmt":"2019-12-09T14:09:24","guid":{"rendered":"http:\/\/amanecerhuasteco.com\/portal\/?p=41873"},"modified":"2019-12-09T08:09:24","modified_gmt":"2019-12-09T14:09:24","slug":"inician-fiestas-decembrinas-en-ciudad-valles-con-un-desfile-y-el-encendido-del-pino-navideno","status":"publish","type":"post","link":"https:\/\/amanecerhuasteco.com\/portal\/inician-fiestas-decembrinas-en-ciudad-valles-con-un-desfile-y-el-encendido-del-pino-navideno\/","title":{"rendered":"Inician fiestas decembrinas en Ciudad Valles con un desfile y el encendido del pino navide\u00f1o"},"content":{"rendered":"<p><img decoding=\"async\" class=\"alignnone size-full wp-image-41875\" src=\"https:\/\/amanecerhuasteco.com\/portal\/wp-content\/uploads\/2019\/12\/9-12-19-carros.jpg\" alt=\"\" width=\"1280\" height=\"853\" \/><\/p>\n<p>Ciudad Valles.- Ante miles de asistentes,\u00a0 fue encendido el pino navide\u00f1o que adornar\u00e1 la plaza principal de Ciudad Valles, durante las fiestas decembrinas.<\/p>\n<p>El evento estuvo encabezado por la directora del DIF municipal Francisca Moreno Hern\u00e1ndez.<\/p>\n<p>Desde las 5 de la tarde, inici\u00f3 el desfile navide\u00f1o organizado por el Ayuntamiento de Ciudad Valles; los vallenses disfrutaron de un espect\u00e1culo con personajes como duendes, osos polares, Santa Claus y las reinas de belleza, as\u00ed como de la m\u00fasica y el colorido de esta \u00e9poca del a\u00f1o.<\/p>\n<p>Los carros aleg\u00f3ricos como el de la pel\u00edcula Frozen con los personajes de Elsa, Ana y Olaf, emocionaron a los peque\u00f1os.<\/p>\n<p>Se presentaron diferentes coreograf\u00edas de temas como \u00abEl baile de \u201cSanta Claus\u00bb, \u00abEl burrito sabanero\u00bby \u201cJingle Bells\u00bb una de las canciones de Navidad m\u00e1s cantada en el mundo.<\/p>\n<p>Este a\u00f1o se tuvo como invitados especiales a personas con discapacidad, que pudieron disfrutar del desfile desde el balc\u00f3n de la Presidencia Municipal.<\/p>\n<p>Al concluir el desfile, la directora Francisca Moreno Hern\u00e1ndez, en representaci\u00f3n del alcalde Adri\u00e1n Esper C\u00e1rdenas, dese\u00f3 a todos los presentes una feliz Navidad y un pr\u00f3spero a\u00f1o nuevo.<\/p>\n<p>&#8212;<\/p>\n","protected":false},"excerpt":{"rendered":"<p>Ciudad Valles.- Ante miles de asistentes,\u00a0 fue encendido el pino navide\u00f1o que adornar\u00e1 la plaza principal de Ciudad Valles, durante las fiestas decembrinas. El evento estuvo encabezado por la directora del DIF municipal Francisca Moreno Hern\u00e1ndez. Desde las 5 de la tarde, inici\u00f3 el desfile &hellip; <\/p>\n","protected":false},"author":1,"featured_media":41874,"comment_status":"open","ping_status":"open","sticky":false,"template":"","format":"standard","meta":{"footnotes":""},"categories":[7,4],"tags":[],"class_list":["post-41873","post","type-post","status-publish","format-standard","has-post-thumbnail","hentry","category-ciudad","category-inicio"],"_links":{"self":[{"href":"https:\/\/amanecerhuasteco.com\/portal\/wp-json\/wp\/v2\/posts\/41873","targetHints":{"allow":["GET"]}}],"collection":[{"href":"https:\/\/amanecerhuasteco.com\/portal\/wp-json\/wp\/v2\/posts"}],"about":[{"href":"https:\/\/amanecerhuasteco.com\/portal\/wp-json\/wp\/v2\/types\/post"}],"author":[{"embeddable":true,"href":"https:\/\/amanecerhuasteco.com\/portal\/wp-json\/wp\/v2\/users\/1"}],"replies":[{"embeddable":true,"href":"https:\/\/amanecerhuasteco.com\/portal\/wp-json\/wp\/v2\/comments?post=41873"}],"version-history":[{"count":1,"href":"https:\/\/amanecerhuasteco.com\/portal\/wp-json\/wp\/v2\/posts\/41873\/revisions"}],"predecessor-version":[{"id":41876,"href":"https:\/\/amanecerhuasteco.com\/portal\/wp-json\/wp\/v2\/posts\/41873\/revisions\/41876"}],"wp:featuredmedia":[{"embeddable":true,"href":"https:\/\/amanecerhuasteco.com\/portal\/wp-json\/wp\/v2\/media\/41874"}],"wp:attachment":[{"href":"https:\/\/amanecerhuasteco.com\/portal\/wp-json\/wp\/v2\/media?parent=41873"}],"wp:term":[{"taxonomy":"category","embeddable":true,"href":"https:\/\/amanecerhuasteco.com\/portal\/wp-json\/wp\/v2\/categories?post=41873"},{"taxonomy":"post_tag","embeddable":true,"href":"https:\/\/amanecerhuasteco.com\/portal\/wp-json\/wp\/v2\/tags?post=41873"}],"curies":[{"name":"wp","href":"https:\/\/api.w.org\/{rel}","templated":true}]}}