{"id":41877,"date":"2019-12-09T08:14:25","date_gmt":"2019-12-09T14:14:25","guid":{"rendered":"http:\/\/amanecerhuasteco.com\/portal\/?p=41877"},"modified":"2019-12-09T08:14:25","modified_gmt":"2019-12-09T14:14:25","slug":"ayuntamiento-realiza-jornada-de-saneamiento-basico-sera-del-09-al-13-de-diciembre","status":"publish","type":"post","link":"https:\/\/amanecerhuasteco.com\/portal\/ayuntamiento-realiza-jornada-de-saneamiento-basico-sera-del-09-al-13-de-diciembre\/","title":{"rendered":"Ayuntamiento realiza Jornada de Saneamiento B\u00e1sico ser\u00e1 del 09 al 13 de diciembre"},"content":{"rendered":"<p>&nbsp;<\/p>\n<p>Ciudad Valles.- Los Servicios M\u00e9dicos Municipales en coordinaci\u00f3n con la Jurisdicci\u00f3n Sanitaria V, realizar\u00e1n del 9 al 13 de diciembre la Jornada de Saneamiento, en diferentes colonias y fraccionamientos de esta ciudad, como parte de las acciones preventivas para evitar el nacimiento del mosquito transmisor del dengue, Chikungunya y Zika.<\/p>\n<p>El director de la dependencia, Manuel Guerrero Camacho, se\u00f1al\u00f3 que durante esta jornada acudir\u00e1n, con el apoyo de la direcci\u00f3n de Obras P\u00fablicas, y la DAPA, camiones recolectores de cacharros en diferentes colonias y fraccionamientos, para mantener los hogares como sitios sin dep\u00f3sitos en los que pueda almacenarse agua y con ello dar origen al nacimiento del mosquito aedes aegypti, transmisor de dengue, zika y chikungunya.<\/p>\n<p>Mencion\u00f3 que el lunes 9 de diciembre visitar\u00e1n el Gavil\u00e1n 3, Las Huastecas y el ejido Laguna del Mante; el martes 10 la Gregorio Osuna, Valles 85, Gavil\u00e1n 1 y Laguna del Mante; el mi\u00e9rcoles 11 en la colonia Altavista.<\/p>\n<p>El jueves 12, la Francisco I. Madero, Moctezuma, y el viernes 13 de diciembre, la colonia 20 de Noviembre y el fraccionamiento Colonial.<\/p>\n<p>Guerrero Camacho, a\u00f1adi\u00f3 que es importante que las familias de las colonias visitadas saquen sus cacharros para que los camiones recolectores puedan llev\u00e1rselos a un destino final. El horario en el que pasar\u00e1n las unidades ser\u00e1 de 9 de la ma\u00f1ana a 2 de la tarde.<\/p>\n<p>&#8212;<\/p>\n","protected":false},"excerpt":{"rendered":"<p>&nbsp; Ciudad Valles.- Los Servicios M\u00e9dicos Municipales en coordinaci\u00f3n con la Jurisdicci\u00f3n Sanitaria V, realizar\u00e1n del 9 al 13 de diciembre la Jornada de Saneamiento, en diferentes colonias y fraccionamientos de esta ciudad, como parte de las acciones preventivas para evitar el nacimiento del mosquito &hellip; <\/p>\n","protected":false},"author":1,"featured_media":41878,"comment_status":"open","ping_status":"open","sticky":false,"template":"","format":"standard","meta":{"footnotes":""},"categories":[7,4],"tags":[],"class_list":["post-41877","post","type-post","status-publish","format-standard","has-post-thumbnail","hentry","category-ciudad","category-inicio"],"_links":{"self":[{"href":"https:\/\/amanecerhuasteco.com\/portal\/wp-json\/wp\/v2\/posts\/41877","targetHints":{"allow":["GET"]}}],"collection":[{"href":"https:\/\/amanecerhuasteco.com\/portal\/wp-json\/wp\/v2\/posts"}],"about":[{"href":"https:\/\/amanecerhuasteco.com\/portal\/wp-json\/wp\/v2\/types\/post"}],"author":[{"embeddable":true,"href":"https:\/\/amanecerhuasteco.com\/portal\/wp-json\/wp\/v2\/users\/1"}],"replies":[{"embeddable":true,"href":"https:\/\/amanecerhuasteco.com\/portal\/wp-json\/wp\/v2\/comments?post=41877"}],"version-history":[{"count":1,"href":"https:\/\/amanecerhuasteco.com\/portal\/wp-json\/wp\/v2\/posts\/41877\/revisions"}],"predecessor-version":[{"id":41879,"href":"https:\/\/amanecerhuasteco.com\/portal\/wp-json\/wp\/v2\/posts\/41877\/revisions\/41879"}],"wp:featuredmedia":[{"embeddable":true,"href":"https:\/\/amanecerhuasteco.com\/portal\/wp-json\/wp\/v2\/media\/41878"}],"wp:attachment":[{"href":"https:\/\/amanecerhuasteco.com\/portal\/wp-json\/wp\/v2\/media?parent=41877"}],"wp:term":[{"taxonomy":"category","embeddable":true,"href":"https:\/\/amanecerhuasteco.com\/portal\/wp-json\/wp\/v2\/categories?post=41877"},{"taxonomy":"post_tag","embeddable":true,"href":"https:\/\/amanecerhuasteco.com\/portal\/wp-json\/wp\/v2\/tags?post=41877"}],"curies":[{"name":"wp","href":"https:\/\/api.w.org\/{rel}","templated":true}]}}