{"id":42142,"date":"2019-12-23T23:50:35","date_gmt":"2019-12-24T05:50:35","guid":{"rendered":"http:\/\/amanecerhuasteco.com\/portal\/?p=42142"},"modified":"2019-12-23T23:50:35","modified_gmt":"2019-12-24T05:50:35","slug":"entre-columnas-397","status":"publish","type":"post","link":"https:\/\/amanecerhuasteco.com\/portal\/entre-columnas-397\/","title":{"rendered":"ENTRE COLUMNAS"},"content":{"rendered":"<p><strong>Feliz Noche Buena y Navidad\u2026. <\/strong><\/p>\n<p><strong>Un abrazo fraternal\u00a0 a nuestros lectores. <\/strong><\/p>\n<p><strong>Que la alegr\u00eda y amor familiar\u00a0 reine\u00a0 en todos sus hogares\u2026 <\/strong><\/p>\n<p><strong>Feliz\u00a0 Noche Buena\u2026\u2026<\/strong><\/p>\n<p><strong>ENTRE COLUMNAS.-<\/strong><\/p>\n<p><strong>Obras fantasma de administraciones pasadas en Valles, denuncia Esper C\u00e1rdenas.<\/strong><\/p>\n<p><strong>+.- Ter\u00e1n encubri\u00f3 a su antecesor JJOA.<\/strong><\/p>\n<p><strong>+.- Ser\u00edan 28 millones de pesos desviados o embolsados.<\/strong><\/p>\n<p><strong>+.- El presunto autor de la desaparici\u00f3n de los recursos es \u201cmano derecha del gobernador\u201d dice Esper.<\/strong><\/p>\n<p>Durante ls dos<strong> administraciones priistas pasadas\u00a0\u00a0 en Ciudad Valles, hubo manifestaciones y\u00a0 amenazas\u00a0 de familias olvidadas\u00a0 por dichos gobiernos, inclusive buscaban asesor\u00eda\u00a0 legal para separarse de Valles y anexarse a Aquism\u00f3n, debido a que sus vecinos\u00a0 en los l\u00edmites con ese municipio gozaban de las atenciones del aquel\u00a0 gobierno<\/strong><\/p>\n<p><strong>Se trataba de los habitantes de los poblados El Chical 1 y 2, as\u00ed como una obra de dotar de agua a los habitantes, \u00a0nunca atendidos menos visitados por los gobiernos municipales de Valles, ante la amenaza\u00a0 lograron que JJOA \u201cbajara\u201d\u00a0 el presupuesto\u00a0 federal para electrificar sus viviendas\u2026.Indignado por la queja de los habitantes, Esper C\u00e1rdenas manifest\u00f3 \u201cNos encontramos con gente de la comunidad muy molestas, porque se les rob\u00f3 su dinero de la obra y eso no se vale, se le rob\u00f3 a la gente m\u00e1s vulnerable. Pobres\u201d se trata de una obra etiquetada por la Federaci\u00f3n y, molesto\u00a0 indic\u00f3 que\u00a0 pondr\u00eda en conocimiento del gobierno del estado\u00a0 esta\u00a0 situaci\u00f3n, de pil\u00f3n\u00a0 el siguiente alcalde (Ter\u00e1n)\u00a0 enterado del desv\u00edo\u00a0 no hizo nada y encubri\u00f3\u00a0 a su antecesor, pero ahora\u00a0 con la denuncia de las familias afectadas se canalizar\u00e1 a las autoridades. <\/strong><\/p>\n<p><strong>En el Chical 1 y 2 son tres obras fantasma, dos de agua potable y una de electrificaci\u00f3n, que se suman a las 52 obras observadas desde el a\u00f1o 2015 y que ascienden a un desvi\u00f3 de recursos de al menos 28 millones de pesos.\u00a0\u00a0 \u00a0\u201cEl que era presidente en ese entonces es el empleado y mano derecha de Carreras y yo les dije que le voy a mandar un mensaje a Carreras, para ver si reponen ese dinero que se llevaron ah\u00ed su gente\u201d, dijo el alcalde independiente.<\/strong><\/p>\n<p><strong>++++++++++<\/strong><\/p>\n<p><strong>T<\/strong><strong>ENIS\u00a0 PANAM\u201d<\/strong><\/p>\n<p><strong>CALIDAD, ESTILOS Y PRECIO.<\/strong><\/p>\n<p><strong>Vis\u00edtanos. Madero 114 norte (entre Ju\u00e1rez y Escontr\u00eda) Cd. Valles SLP M\u00e9xico.<\/strong><\/p>\n<p><strong>++++++<\/strong><\/p>\n<p><strong>CREDITO INMEDIATO A JUBILADOS Y PENSIONADOS.<\/strong><\/p>\n<p><strong>del IMSS e ISSTE\u2026..R\u00e1pido confiable\u00a0\u00a0 buro flexible.<\/strong><\/p>\n<p><strong>Celular 4811039565\u2026. A sus \u00f3rdenes las 24 horas del d\u00eda.<\/strong><\/p>\n<p><strong>++++++++++++++<\/strong><\/p>\n<p><strong>828 MILLONES DE PESOS SER\u00cdA EL PRESUPUESTO\u00a0 DEL AYUNTAMIENTO DE VALLES PARA EL 2020.<\/strong><\/p>\n<p><strong>+.- Ahora falta que el Congreso apruebe la propuesta. <\/strong><\/p>\n<p><strong>Sin dar detalles precisos de los rubros que generan ingresos por la v\u00eda impositiva del municipio aplicado a los contribuyentes cautivos,\u00a0 para el siguiente a\u00f1o, habr\u00e1 un aumento pero \u201cser\u00e1 m\u00ednimo\u201d declar\u00f3 la tesorera al t\u00e9rmino de la sesi\u00f3n del cabildo este jueves pasado.<\/strong><\/p>\n<p><strong>\u00a0<\/strong><\/p>\n<p><strong>La propuesta \u00a0al decir\u00a0 de la funcionaria\u00a0 son \u201cpeque\u00f1as modificaciones\u201d d un incremento del\u00a0 3 a 5%\u00a0 aprobadas por\u00a0 el cabildo en para la iniciativa de ley de ingresos del a\u00f1o 2020, la que est\u00e1 en el Congreso del estado para su aprobaci\u00f3n. Comprende en t\u00e9rminos generales\u00a0 aumentos a las contribuciones prediales, permisos al comercio, espect\u00e1culos etc, etc (no mencionaron el uso de los cajones concesionados a Iberparking)<\/strong><\/p>\n<p>Como se recordar\u00e1, en el \u00faltimo a\u00f1o\u00a0 priista de Ter\u00e1n Ju\u00e1rez, se redujo el presupuesto\u00a0 a 630 millones de pesos para el a\u00f1o\u00a0 2018. (gobernar\u00eda solo 9 meses) cuando el alcalde Independiente Adri\u00e1n Esper present\u00f3 su iniciativa de presupuesto para el a\u00f1o 2019\u00a0 en mas de 800 millones,. No autorizaron los legisladores\u00a0 ning\u00fan aumento.\u00a0\u00a0 Ahora la propuesta es de 828 millones, 814 mil, 764 pesos, con lo cual se espera poder tener una solvencia que pueda ayudar a cubrir en mayor medida las necesidades del municipio.<\/p>\n<p>El mun\u00edcipe Adri\u00e1n Esper C\u00e1rdenas, dijo que a\u00fan con este aumento no ser\u00eda suficiente para cubrir las necesidades del gobierno municipal afectado por deudas heredadas y problemas laborales\u2026 Se requieren cuando menos un \u201cm\u00ednimo de 2 mil millones m\u00e1s para que por lo menos podemos podamos estar a flote y no estar con el Jes\u00fas en la boca como estamos aqu\u00ed todos los d\u00edas\u201d, coment\u00f3<\/p>\n<p><strong>++++++++++++++<\/strong><\/p>\n<p><strong>Frutas y legumbres \u201cEL PEQUES\u201d<\/strong><\/p>\n<p><strong>Local 51 en el mercado\u00a0 \u201cGonzalo N. Santos\u201d por la calle P. D\u00edaz frente a la Tortiller\u00eda. Tel.\u00a0 381-14-64 para servicio a domicilio de sus pedidos. mayoreo y menudeo a los mejores precios.<\/strong><\/p>\n<h2>Atenci\u00f3n personal de su amigo \u201cEl Peque\u201d<\/h2>\n<p><strong>+++++++<\/strong><\/p>\n<p>Sal\u00f3n de fiestas<\/p>\n<p>\u201cECLIPSE\u201d\u00a0 Sal\u00f3n de eventos, incluye<br \/>\n-Mobiliario para 100 personas<br \/>\n-Alberca<br \/>\n-\u00c1rea de servicio<br \/>\nInformes al 4811073382<\/p>\n<p>+++++<\/p>\n<p><strong>DE 12\u00a0 REGIDORES, SOLO DOS MEDIO DESQUITAN \u00a0LOS 50 MIL PESOS MENSUALES\u2026<\/strong><\/p>\n<p><strong>+.- En Valles n existe un organismo que califique el desempe\u00f1o\u00a0 de los funcionarios.<\/strong><\/p>\n<p><strong>El cabildo\u00a0 est\u00e1 integrado por 12\u00a0 regidores y 2 s\u00edndicos y el\u00a0 presidente municipal que ejerce la administraci\u00f3n ejecutiva, todos\u00a0 tienen igual\u00a0 responsabilidad, mientras los s\u00edndicos tienen una funci\u00f3n espec\u00edfica, para el efecto se designan comisiones para ejercer\u00a0 labores auxiliares del alcalde en funciones, pero no, ejemplo\u00a0 en la Junta de gobierno de la Dapas\u00a0 la comisi\u00f3n es de una regidora y un regidor, el segundo es\u00a0 el \u00fanico que declar\u00f3 recientemente desconocer totalmente lo que se hace en relaci\u00f3n con el incremento de tarifas y reclama\u00a0 se informe cuando menos al cabildo.<\/strong><\/p>\n<p><strong>Otro regidor es\u00a0 N\u00e9stor Rivera como miembro de un partido de oposici\u00f3n est\u00e1 demostr\u00e1ndolo, refiri\u00e9ndose a la observaci\u00f3n de la CEDH\u00a0 por falta de Juez calificador ( 2 o 3)\u00a0 en la comandancia de la erg\u00e1stula municipal, en este caso son los S\u00edndicos los responsables del tema seguridad p\u00fablica. En este tema las acusaciones\u00a0 van contra el director en turno de la polic\u00eda municipal quien se adjudica esta funci\u00f3n y ordena arrestos de 36 horas de personas detenidas\u00a0 aunque paguen su sanci\u00f3n econ\u00f3mica, situaciones denunciadas por los\u00a0 abogados ante Derechos Humanos.<\/strong><\/p>\n<p><strong>El referido regidor declara que\u00a0 \u201cLos s\u00edndicos no est\u00e1n haciendo su trabajo, \u00a0los reglamentos ah\u00ed est\u00e1n, s\u00f3lo es cuesti\u00f3n de aplicarlos, por ejemplo, en el tema de ecolog\u00eda se cre\u00f3 la Polic\u00eda Ecol\u00f3gica, desde el pasado mes de marzo fue presentada la iniciativa para que los jueces calificadores puedan ser electos por el propio Cabildo.\u201d (El bando de polic\u00eda y gobierno\u201d lo establece) Le quitaron el \u201cbuen\u201d<\/strong><\/p>\n<p><strong>En declaraciones\u00a0 a medios informativos, el regidor\u00a0 se\u00f1al\u00f3 que la recomendaci\u00f3n debe acatarse pero el director d polic\u00eda debe \u201ccomparecer\u201d ante el cabildo para escuchar su raz\u00f3n de pasar por alto los derechos humanos y despu\u00e9s tambi\u00e9n conocer la calidad moral de quien aspire a aspiren a juez calificador (deben ser 2 en turnos de 12 horas cada uno)\u00a0 <\/strong><\/p>\n<p><strong>Para conocimiento\u00a0 de la ciudadan\u00eda, la Comisi\u00f3n de Seguridad la encabeza el s\u00edndico Alejandro Gonz\u00e1lez Duque. <\/strong><\/p>\n<p><strong>Desafortunadamente en Valles\u00a0 el pueblo es conformista, no existe un organismo civil que \u201cvigile y califique\u201d\u00a0 el desempe\u00f1o como servidores p\u00fablicos de regidores, s\u00edndicos y\u00a0 funcionarios municipales\u00a0 como ocurre con los miembros del Congreso del estado, donde como sabemos, los dos regidores\u00a0\u00a0 por Valles, el electo apenas alcanz\u00f3 puntuaci\u00f3n de 1.25%\u00a0 y la plurinominal que se\u00a0 gan\u00f3 la diputaci\u00f3n pluri en una t\u00f3mbola\u00a0\u00a0 CERO.<\/strong><\/p>\n<p><strong>+++++++++++++<\/strong><\/p>\n<p><strong>YA ESTAMOS EN CASA\u2026\u2026..<\/strong><\/p>\n<p><strong>Calle Martha No.\u00a0 Entrada al Carmen 2 Junto a Oxxo.<\/strong><\/p>\n<p><strong>RESTAURANT\u00a0 DE\u00a0 MARISCOS \u201cEL PARAISO\u201d<\/strong><\/p>\n<p><strong>Atenci\u00f3n personal de su propietario Chanito.<\/strong><\/p>\n<p><strong>Solicite presupuesto, precios\u00a0 y ordene al <\/strong><\/p>\n<p><strong>\u00a0\u00a0\u00a0\u00a0\u00a0\u00a0\u00a0\u00a0\u00a0\u00a0\u00a0\u00a0\u00a0 Celular 481 102 5590<\/strong><\/p>\n<p><strong>Servicio de 11\u00a0\u00a0 a 8 de la noche<\/strong><\/p>\n<p><strong>++++++++++++++<\/strong><\/p>\n<p><strong>Asociaci\u00f3n Qu\u00edmicos en Movimiento de Valles\u00a0 promueven cultura del reciclaje<\/strong><\/p>\n<p><strong>Un ejemplar\u00a0 trabajo por el medio ambiente en esta ciudad y su zona de influencia\u00a0 realiza la QFB\u00a0 Fabiola Garc\u00eda \u00c1lvarez, presidenta y colaboradores de\u00a0 la Asociaci\u00f3n de Qu\u00edmicos en Movimiento A C entre la comunidad para la protecci\u00f3n del medio ambiente y los recursos federales <\/strong><\/p>\n<p>En efecto, Fabiola Garc\u00eda \u00c1lvarez, presidenta de la organizaci\u00f3n abord\u00f3 el tema\u00a0 de reciclaje \u00a0reduce la contaminaci\u00f3n y reduce el riesgo del cambio clim\u00e1tico, toda vez que permite la creaci\u00f3n de nuevos productos; por ejemplo al reciclar una botella de pl\u00e1stico se ahorra la energ\u00eda para mantener encendido un foco que de\u00a0 otro modo requerir\u00eda\u00a0 de\u00a0 otra fuente alterna para su funcionamiento..<\/p>\n<p>Es necesaria\u00a0 una educaci\u00f3n de origen\u00a0 desde\u00a0 el tronco familiar, los\u00a0 padres\u00a0 deben estar consientes\u00a0 que desde sus hogares\u00a0 deben llevar el esp\u00edritu de proteger el ambiente y la vida, al llegar a las aulas\u00a0 escolares desarrollaran\u00a0 ese conocimiento\u00a0 para aplicar el aprendizaje\u00a0 para reciclar envases y bolsas de pl\u00e1stico a su alcance.<\/p>\n<p>Otro aspecto\u00a0 es\u00a0 apoyar la reforestaci\u00f3n mediante un programa de\u00a0 plantaci\u00f3n de \u00e1rboles emprendida por los gobiernos federal y municipal\u00a0 en el caso de Valles pero de forma integral, no solo plantarlo y olvidarse como a ocurrido en el pasado. Qu\u00edmicos en Movimiento, personalmente su presidenta\u00a0 realiza actividades en este sentido \u00a0en apoyo de\u00a0 trabajos de reforestaci\u00f3n de las autoridades.<\/p>\n<p><strong>++++++++++++++<\/strong><\/p>\n<p><strong>QFB\u00a0 FABIOLA GARCIA ALVAREZ<\/strong><\/p>\n<p><strong>Perito dictaminador en an\u00e1lisis bacteriol\u00f3gico de agua<\/strong><\/p>\n<p><strong>Y alimentos con n\u00famero GES-PD 0705<\/strong><\/p>\n<p><strong>Perito dictaminador en\u00a0 estupefacientes GES-PD0523<\/strong><\/p>\n<p><strong>Maestr\u00eda\u00a0 en an\u00e1lisis cl\u00ednicos 1301 \u2013 368068<\/strong><\/p>\n<p><strong>Ced prof<\/strong><strong>\u00b7<\/strong><strong>\u00a0 8664204\u00a0 \u00a0Tel. 38 1 66 64<\/strong><\/p>\n<p><strong>Asesor\u00eda,\u00a0 auditor\u00eda\u00a0 y gesti\u00f3n ambiental.}<\/strong><\/p>\n<ol>\n<li><strong> Victoria No. 8 zona centro Cd Valles SLP.<\/strong><\/li>\n<\/ol>\n<p><strong>+++++++++++++++<\/strong><\/p>\n<p><strong>AHORA SI, SE ACABARA LA DELINCUENCIA.<\/strong><\/p>\n<p><strong>+.- 104 videoc\u00e1maras garantizaran la seguridad de los Vallenses.<\/strong><\/p>\n<p><strong>Ahora s\u00ed, la delincuencia\u00a0 com\u00fan que hab\u00eda sentado sus reales\u00a0 en\u00a0 esta ciudad ante la incompetencia de la polic\u00eda preventiva, tendr\u00e1 que\u00a0 emigrar a otros lares porque\u00a0 aqu\u00ed, la ciudad estar\u00e1 vigilada\u00a0\u00a0 en tiempo real y completo, al instalarse\u00a0 en toda\u00a0 la zona urbana\u00a0 un total de 104\u00a0 videoc\u00e1maras de vigilancia adquiridas con recursos del Fortaseg y participaci\u00f3n municipal. Esta semana entran en funcionamiento.<\/strong><\/p>\n<p>Seg\u00fan el secretario municipal, este programa\u00a0 de vanguardia es barato y de\u00a0 buenos resultados comparado con otros presupuestos conocidos en otras ciudades\u00a0 inclusive\u00a0 la misma\u00a0 ciudad capital.<\/p>\n<p>Los\u00a0 artefactos estar\u00e1n colocados por todos los sectores\u00a0 conflictivos de la ciudad, esta\u00a0 semana funcionar\u00e1n ras\u00a0 un acto inaugural con la presencia de las autoridades municipales. La red de c\u00e1maras\u00a0 estar\u00e1n conectadas simult\u00e1neamente\u00a0 con la polic\u00eda preventiva municipal donde\u00a0 personal capacitado ser\u00e1 el encargad de su manejo. Con el C-4\u00a0 de la capital del estado e inclusive con\u00a0 la plataforma de seguridad nacional, lo que permitir\u00e1 activar acciones en caso de una eventualidad y se dar\u00e1 seguimiento puntual para abatir la delincuencia \u2013 dijo el funcionario..-<\/p>\n<p><strong>Principio del formularioFinal del formularioFinal del formulario<\/strong><strong>+++++++++++++++<\/strong><\/p>\n<p><strong>\u201cHOTEL RIVIERA\u201d\u00a0\u00a0 en el coraz\u00f3n de <\/strong><\/p>\n<h2>Ciudad Valles SLP.<\/h2>\n<h2>5 DE Mayo 24\u00a0 Tel 014813823097<\/h2>\n<h3>Email <a href=\"mailto:hotelrivieravalles@hotmail.com\">hotelrivieravalles hotmail.com<\/a><\/h3>\n<p><strong>T\u00edpicamente Huasteco.<\/strong><\/p>\n<p><strong>+++++++++++++<\/strong><\/p>\n<p><strong>QUE\u00a0 SE INFORME\u00a0 CON CLARIDAD\u00a0 EN \u201cPESOS\u201d\u00a0 A CUANTO ASCENDERA EL INCREMENTO A TARIFAS DE\u00a0 AGUA.<\/strong><\/p>\n<p><strong>+.- Comunicaci\u00f3n social de Dapas solo de membrete.<\/strong><\/p>\n<p><strong>La poblaci\u00f3n ya\u00a0 est\u00e1 enterada de uno de muchos golpes a la econom\u00eda familiar que se\u00a0 presentar\u00e1n a partir de enero del siguiente a\u00f1o,\u00a0 entre otros conceptos\u00a0 ser\u00e1 la tarifa del agua y ni dudarlo que tambi\u00e9n los impuestos municipales.<\/strong><\/p>\n<p><strong>En\u00a0 el cuerpo de regidores\u00a0 existe una\u00a0 comisi\u00f3n\u00a0 que\u00a0 forma parte de la junta de gobierno, los elegidos\u00a0 deben informar\u00a0 a\u00a0 sus compa\u00f1eros\u00a0 pero resulta que seg\u00fan el secretario\u00a0 Marco Antonio Conde, oficialmente no est\u00e1\u00a0 informado del\u00a0 incremento autorizado a las 3 tarifas de agua suministrada por la Dapas por lo que\u00a0 exigir\u00e1 se\u00a0 cumpla el protocolo, porque hasta la fecha\u00a0 se\u00a0 a\u00a0 enterado por los medios informativos. No le falta raz\u00f3n, la DAPAS gasta miles de pesos en la direcci\u00f3n de comunicaci\u00f3n social\u00a0 que\u00a0 solo es de membrete.<\/strong><\/p>\n<p><strong>El regidor\u00a0 declara\u00a0 que\u00a0 es necesario explicar\u00a0 a los mas de 50 mil usuarios el incremento en pesos con el fin de que\u00a0 se preparen a presupuestar sus pagos\u00a0 por el suministro de agua\u00a0 el pr\u00f3ximo a\u00f1o, se merecen esa atenci\u00f3n porque finamente quienes\u00a0 laboran en el organismo operador\u00a0 son pagados con las aportaciones\u00a0 de los usuarios\/consumidores del vital elemento.<br \/>\nAgreg\u00f3 el edil que\u00a0 solicitar\u00e1<br \/>\nnuevamente el cabildo valore que se pueda citar al director del organismo Marco Antonio Guill\u00e9n Rivera, al contralor y al contador de finanzas, para que nos expongan claramente c\u00f3mo se va a aplicar este incremento que se acaba de aprobar, que nos den una exposici\u00f3n para que no haya malos entendidos, para que todo quede claro y transparente\u201d este tema que le compete al municipio, al Cabildo y a todos los ciudadanos para que est\u00e9n bien informados sobre c\u00f3mo se va a aplicar la tarifa, el estado\u00a0 de la n\u00f3mina, los t\u00e9rminos de la huelga y todo lo relacionado con el recurso millonario que ingresar\u00e1 a partir de la primera facturaci\u00f3n del pr\u00f3ximo a\u00f1o.<\/strong><\/p>\n<p><strong>+++++++++<\/strong><\/p>\n<p><strong>CARROCERIAS <\/strong><\/p>\n<p><strong>BUSTOS.<\/strong><\/p>\n<p><strong>Reforma y Lerdo de tejada Col. Altavista.<\/strong><\/p>\n<p><strong>Cd Valles SLP\u00a0 Tel. 3824777.<\/strong><\/p>\n<p><strong>En carrocer\u00edas para camiones y camionetas nadie nos compite.<\/strong><\/p>\n<p><strong>+++++++++++++++<\/strong><\/p>\n<p><strong>VALLES\u00a0\u00a0 VOLVERA A SER \u201cPUEBLO\u00a0 BICICLETERO\u201d<\/strong><\/p>\n<p><strong>+.- Ser\u00edan adquiridas con recursos del ramo 33.<\/strong><\/p>\n<p><strong>El proyecto de\u00a0 la Ecov\u00eda\u00a0 para esta ciudad est\u00e1\u00a0 en\u00a0 la mes de proyectos del gobierno Independiente, <\/strong>propone el alcalde Adri\u00e1n Esper C\u00e1rdenas <strong>\u00a0dotar de bicicletas a la poblaci\u00f3n que las requiera, adquiri\u00e9ndolas con recursos federales.\u00a0 <\/strong><\/p>\n<p>De\u00a0 acuerdo con el proyecto en unos meses m\u00e1s van a concretar la obra de construir la Eco v\u00eda, cuyo proyecto original ser\u00e1 redise\u00f1ado \u00a0para que el funcionamiento\u00a0 de l transporte en bicicletas\u00a0 sea\u00a0 funcional\u00a0 y hasta placentero.<\/p>\n<p>En\u00a0 sus declaraciones el mun\u00edcipe explic\u00f3\u00a0 \u201cM\u00e1s adelante lo vamos a concretar todo el circuito para que cualquier estudiante llegue en bici, sin gastar combustible o pagar pasaje, eso nos va a dar mucha libertad y justicia social en cuesti\u00f3n de movilidad. Va llegar un punto cuando terminemos la Eco v\u00eda que vamos a presionar para que del Ramo 33 se puedan dar bicis y que ya sea una gran comunidad de bicis en Valles\u201d\u201d.<\/p>\n<p>No\u00a0 se mencion\u00f3 fecha probable\u00a0 para inicio de este\u00a0 proyecto que efectivamente dar\u00e1 una fisonom\u00eda diferente a la ciudad y beneficiar\u00e1\u00a0 a estudiantes y trabajadores en particular, tampoco se dijo el monto estimado del costo.<\/p>\n<p><strong>+++++++++++++<\/strong><\/p>\n<p><strong>El sitio ideal para\u00a0 sus fiestas\u2026\u00a0\u00a0\u00a0\u00a0\u00a0\u00a0\u00a0\u00a0\u00a0\u00a0\u00a0\u00a0\u00a0\u00a0\u00a0\u00a0\u00a0\u00a0 <\/strong><\/p>\n<p><strong>\u00a0\u201cFINCA\u00a0 SAN ISIDRO\u201d <\/strong><\/p>\n<p><strong>Sal\u00f3n para fiestas de todo tipo.<\/strong><\/p>\n<p><strong>Carretera Valles \u2013 R\u00edo Verde Km. 8 <\/strong><\/p>\n<p><strong>Contrataciones al Tel. 01 481 179 09<\/strong><\/p>\n<p><strong>Cd. Valles SLP M\u00e9xico.<\/strong><\/p>\n<p><strong>++++++++++++++<\/strong><\/p>\n<p><strong>PORQU\u00c9\u00a0 SIEMPRE LOS MISMOS\u201d<\/strong><\/p>\n<p><strong>+.-\u00a0 Tantos\u00a0 ciudadanos honrados\u00a0 a carta\u00a0 aval existen en Valles.<\/strong><\/p>\n<p><strong>+.- Una mafia de pol\u00edticos vividores, buscan la sucesi\u00f3n para s$$$$$ervirse. <\/strong><\/p>\n<p><strong>A\u00a0 veinte\u00a0 meses\u00a0 de las elecciones\u00a0 del a\u00f1o 2021 para renovar gobernador, diputados y alcaldes,\u00a0 en Valles los eternos vividores de la pol\u00edtica\u00a0\u00a0 andan en abierta\u00a0 campa\u00f1a\u00a0 sin partido,\u00a0 advirti\u00e9ndose que sin importarles ideolog\u00edas adversas\u00a0 los protagonistas\u00a0 estar\u00e1n dispuestos a hacer\u00a0 alianza y toda clase de topillos\u00a0 con el fin de\u00a0 obtener una candidatura a\u00a0 cualquiera de los puestos de elecci\u00f3n popular, aunque sea de regidores\u201d\u00a0 (que ganan sin merecerlo 50 mil pesos mensuales)<\/strong><\/p>\n<p><strong>Los ex alcaldes\u00a0 Jorge Ter\u00e1n y JJOA cuyos antecedentes pol\u00edticos no son del todo plausibles, encabezan por parte del defenestrado RIP intenciones definidas de ser tomados en cuenta para volver\u00a0 a la alcald\u00eda (no lo que la\u00a0 ASE\u00a0 encontr\u00f3 en sus cuentas$$$$$$ an\u00f3malas y obras chafas) Ambos personajes han sido en dos ocasiones\u00a0 alcaldes de Ciudad Valles, los resultados\u00a0 sumados no son\u00a0 como para\u00a0 abanderarlos y que el pueblo vuelva a votar por ellos a\u00a0 sabiendas que fueron un fiasco y ah\u00ed est\u00e1n en la ASE (que lav\u00f3 sus cuentas) pero en la ASF\u00a0 siguen vivas.<\/strong><\/p>\n<p><strong>Con los vecinos de enfrente (pan) cierto, en el pasado proceso lograron una votaci\u00f3n\u00a0 sin precedentes que dif\u00edcilmente volver\u00e1n a tener, a menos que el candidato sea el mismo que los llev\u00f3 hasta las nubes\u00a0 casi, casi triunfaron. Y lo que son las cosas y quien imagina pudiera ocurrir, el albiazul tiene un dirigente\u00a0 tricolor, si el plan tenebroso\u00a0 funciona, el objetivo es\u00a0 hacer alianza pri\/pan\u00a0 con un candidato que no saldr\u00eda de sus filas. Obvio la respuesta de la base ser\u00eda adversa.<\/strong><\/p>\n<p><strong>De los dem\u00e1s partidos tras el compromiso de oponerse a reducir\u00a0 el 50% de presupuesto oficial, lo mismo da que se sumen a un partido u otro, ellos solo buscan su sobrevivencia.<\/strong><\/p>\n<p><strong>En el partido otrora poderoso a nivel municipal para\u00a0 el proceso que se avecina, ya habr\u00e1 renovado dirigencia municipal y posiblemente hasta logrado ocupar en comodato el edificio que reclaman\u00a0 como propio en esta ciudad, en cuya obra\u00a0 existe las sospechas que los recursos\u00a0 salieron de palacio y dapas.<\/strong><\/p>\n<p><strong>Ah\u00a0 se nos\u00a0 pasaba, y\u00a0 el Independiente\u00a0 ap\u00e1?&#8230;&#8230; de todos los \u201cchifladitos\u201d\u00a0 que\u00a0 andaban a la sombra del presidente municipal Independiente, aunque es prematuro, solo uno tendr\u00eda posibilidades y contar\u00eda con el padrinazgo de usted ya sabe quien, pero \u2026.ojo\u2026el zarpazo dado a la econom\u00eda familiar con las tarifas del agua, el camino\u00a0 andado se desandar\u00e1 en popularidad\u2026 y quien ser\u00eda su relevo?<\/strong><\/p>\n<p><strong>++++++++++++++<\/strong><\/p>\n<p><strong>\u00a0\u201cCAF\u00c9 Y RESTAURANT\u00a0 EL FAROLITO\u201d<\/strong><\/p>\n<p><strong>Lo mejor de la cocina Huasteca; el tradicional zacahuil y cazueladas.<\/strong><\/p>\n<p><strong>Atendemos toda clase de\u00a0 festejos. Pedidos al <\/strong><\/p>\n<p><strong>Tel\u00a0 3821017 Ciudad Valles SLP.<\/strong><\/p>\n<p><strong>+++++++++++++<\/strong><\/p>\n<p><strong>D E\u00a0 V O L A D A .- <\/strong><\/p>\n<p><strong>JAJAJA\u2026. \u201cCUANDO ME MUERA, EL MUNICIPIO ME VA A VENDER\u00a0\u00a0 mi sepultura en el cementerio cuyo predio don\u00e9\u201d\u2026.\u00a0 As\u00ed nos dice\u00a0 Benigno \u00c1vila Garc\u00eda (Maligno\u00a0 de cari\u00f1o) en referencia a que desde el trienio de Socorro Herrera\u00a0 don\u00f3 un predio para un cementerio que lleva el nombre de \u201cLos Abuelos\u201d .<\/strong><\/p>\n<p><strong>MUNICIPIO INCUMPLE\u2026\u2026 la donaci\u00f3n que hizo Don Maligno fue condicionado: Le introducir\u00edan una l\u00ednea de abasto de agua potable, pavimentar\u00edan el camino de acceso en el mismo predio\u00a0 de 17 hect\u00e1reas que posee\u2026.\u201dporque ahora\u00a0 ya no soy ejidatario. Compre al rancho La Tima el terreno de 17 hect\u00e1reas\u201d<\/strong><\/p>\n<p><strong>Por cierto \u2013 dice \u2013 el terreno donde est\u00e1\u00a0 el pante\u00f3n del poblado Tampaya\u00a0 ya no es ejido ( esto ser\u00e1 otra historia)<\/strong><\/p>\n<p><strong>Tambi\u00e9n \u00e9l hizo la aportaci\u00f3n y es manejado por las autoridades ejidales (que ya no es ejido) en auxilio de las autoridades municipales que han declarado sin cupo los dos panteones el de la colonia Hidalgo y la Estaci\u00f3n.<\/strong><\/p>\n<p><strong>Y aun hay mas\u2026..<\/strong><\/p>\n<p><strong>+++++++++<\/strong><\/p>\n<p><strong>UNA PERSONA QUE\u00a0 SOLO RECIBE COMPENSACI\u00d3N\u00a0 POR DESEMPE\u00d1AR ALGUNA FUNCI\u00d3N\u00a0 tiene derecho a aguinaldo oneroso?<\/strong><\/p>\n<p><strong>Buena e interesante pregunta, porque\u00a0 la Ley Federal del Trabajo\u00a0 establece\u00a0 como obligatorio el aguinaldo a los trabajadores de n\u00f3mina. Una compensaci\u00f3n se otorga a una persona por una acci\u00f3n temporal. Es el caso de los regidores, son temporales y no son precisamente considerados como trabajadores pero reciben en este a\u00f1o 100mil pesos por no hacer nada.<\/strong><\/p>\n<p><strong>++++++<\/strong><\/p>\n<p><strong>La cita es tradici\u00f3n en el Caf\u00e9 \u201cLa Nueva Fe\u201d\u00a0 aut\u00e9nticos platillos Huastecos\u00a0 aqu\u00ed los degustar\u00e1. Frente al palacio municipal Cd Valles, S,LP\u2026. Si usted visita Ciudad Valles y no degusta su exquisito caf\u00e9\u00a0 en \u201cLa Nueva Fe,\u00a0 no vino a Valles.<\/strong><\/p>\n<p><strong>++<\/strong><\/p>\n<p><strong>\u00a0<\/strong><\/p>\n<p><strong>\u00a0<\/strong><\/p>\n<p><strong>\u00a0<\/strong><\/p>\n<p><strong>\u00a0<\/strong><\/p>\n<p><strong>\u00a0<\/strong><\/p>\n<p><strong>\u00a0<\/strong><\/p>\n<p><strong>\u00a0<\/strong><\/p>\n<p><strong>\u00a0<\/strong><\/p>\n<p><strong>\u00a0<\/strong><\/p>\n<p><strong>\u00a0<\/strong><\/p>\n<p>&nbsp;<\/p>\n<p>&nbsp;<\/p>\n<p>&nbsp;<\/p>\n<p>&nbsp;<\/p>\n<p>&nbsp;<\/p>\n","protected":false},"excerpt":{"rendered":"<p>Feliz Noche Buena y Navidad\u2026. Un abrazo fraternal\u00a0 a nuestros lectores. Que la alegr\u00eda y amor familiar\u00a0 reine\u00a0 en todos sus hogares\u2026 Feliz\u00a0 Noche Buena\u2026\u2026 ENTRE COLUMNAS.- Obras fantasma de administraciones pasadas en Valles, denuncia Esper C\u00e1rdenas. +.- Ter\u00e1n encubri\u00f3 a su antecesor JJOA. +.- &hellip; <\/p>\n","protected":false},"author":1,"featured_media":42114,"comment_status":"open","ping_status":"open","sticky":false,"template":"","format":"standard","meta":{"footnotes":""},"categories":[17,4],"tags":[],"class_list":["post-42142","post","type-post","status-publish","format-standard","has-post-thumbnail","hentry","category-colaboraciones","category-inicio"],"_links":{"self":[{"href":"https:\/\/amanecerhuasteco.com\/portal\/wp-json\/wp\/v2\/posts\/42142","targetHints":{"allow":["GET"]}}],"collection":[{"href":"https:\/\/amanecerhuasteco.com\/portal\/wp-json\/wp\/v2\/posts"}],"about":[{"href":"https:\/\/amanecerhuasteco.com\/portal\/wp-json\/wp\/v2\/types\/post"}],"author":[{"embeddable":true,"href":"https:\/\/amanecerhuasteco.com\/portal\/wp-json\/wp\/v2\/users\/1"}],"replies":[{"embeddable":true,"href":"https:\/\/amanecerhuasteco.com\/portal\/wp-json\/wp\/v2\/comments?post=42142"}],"version-history":[{"count":1,"href":"https:\/\/amanecerhuasteco.com\/portal\/wp-json\/wp\/v2\/posts\/42142\/revisions"}],"predecessor-version":[{"id":42143,"href":"https:\/\/amanecerhuasteco.com\/portal\/wp-json\/wp\/v2\/posts\/42142\/revisions\/42143"}],"wp:featuredmedia":[{"embeddable":true,"href":"https:\/\/amanecerhuasteco.com\/portal\/wp-json\/wp\/v2\/media\/42114"}],"wp:attachment":[{"href":"https:\/\/amanecerhuasteco.com\/portal\/wp-json\/wp\/v2\/media?parent=42142"}],"wp:term":[{"taxonomy":"category","embeddable":true,"href":"https:\/\/amanecerhuasteco.com\/portal\/wp-json\/wp\/v2\/categories?post=42142"},{"taxonomy":"post_tag","embeddable":true,"href":"https:\/\/amanecerhuasteco.com\/portal\/wp-json\/wp\/v2\/tags?post=42142"}],"curies":[{"name":"wp","href":"https:\/\/api.w.org\/{rel}","templated":true}]}}