{"id":42381,"date":"2020-01-04T14:39:05","date_gmt":"2020-01-04T20:39:05","guid":{"rendered":"http:\/\/amanecerhuasteco.com\/portal\/?p=42381"},"modified":"2020-01-04T14:39:05","modified_gmt":"2020-01-04T20:39:05","slug":"anuncian-convocatoria-para-solicitar-proyectos-productivos-del-2020-en-valles","status":"publish","type":"post","link":"https:\/\/amanecerhuasteco.com\/portal\/anuncian-convocatoria-para-solicitar-proyectos-productivos-del-2020-en-valles\/","title":{"rendered":"Anuncian convocatoria para solicitar proyectos productivos del 2020 en Valles"},"content":{"rendered":"<p>&nbsp;<\/p>\n<p>Ciudad Valles, SLP.- La Direcci\u00f3n de Proyectos Productivos anunci\u00f3 la apertura de la ventanilla para recibir solicitudes que estar\u00e1 disponible del\u00a0 13 al 31 de enero de 2020.<\/p>\n<p>Eduardo Rodr\u00edguez Ramos, inform\u00f3\u00a0 que para este a\u00f1o se incluyen, adem\u00e1s de los marcados en anteriores convocatorias, el sistema de riego, la cerveza artesanal, embutidos, as\u00ed como herramientas, talleres de costura y carretillas, entre otros.<\/p>\n<p>En este programa el beneficiario solo aporta el 30% del costo total de los implementos y el 70% restante es cubierto por el Municipio; la cotizaci\u00f3n no deber\u00e1 exceder los 70 mil pesos.<\/p>\n<p>Los requisitos para aplicar a este beneficio son:\u00a0 ser mayores de 18 a\u00f1os de edad, conformar grupos de seis personas, radicar en Ciudad Valles, presentar copia de la credencial de elector INE y CURP y cotizaci\u00f3n de proveedores locales.<\/p>\n<p>El director de Proyectos Productivos Eduardo Rodr\u00edguez Ramos, anunci\u00f3 que\u00a0 del 6 al 10 de enero, se dar\u00e1 asesor\u00eda sobre esta convocatoria, para que los interesados re\u00fanan la documentaci\u00f3n y la presenten en tiempo y forma.<\/p>\n<p>&#8211;<\/p>\n","protected":false},"excerpt":{"rendered":"<p>&nbsp; Ciudad Valles, SLP.- La Direcci\u00f3n de Proyectos Productivos anunci\u00f3 la apertura de la ventanilla para recibir solicitudes que estar\u00e1 disponible del\u00a0 13 al 31 de enero de 2020. Eduardo Rodr\u00edguez Ramos, inform\u00f3\u00a0 que para este a\u00f1o se incluyen, adem\u00e1s de los marcados en anteriores &hellip; <\/p>\n","protected":false},"author":1,"featured_media":42382,"comment_status":"open","ping_status":"open","sticky":false,"template":"","format":"standard","meta":{"footnotes":""},"categories":[7,4],"tags":[],"class_list":["post-42381","post","type-post","status-publish","format-standard","has-post-thumbnail","hentry","category-ciudad","category-inicio"],"_links":{"self":[{"href":"https:\/\/amanecerhuasteco.com\/portal\/wp-json\/wp\/v2\/posts\/42381","targetHints":{"allow":["GET"]}}],"collection":[{"href":"https:\/\/amanecerhuasteco.com\/portal\/wp-json\/wp\/v2\/posts"}],"about":[{"href":"https:\/\/amanecerhuasteco.com\/portal\/wp-json\/wp\/v2\/types\/post"}],"author":[{"embeddable":true,"href":"https:\/\/amanecerhuasteco.com\/portal\/wp-json\/wp\/v2\/users\/1"}],"replies":[{"embeddable":true,"href":"https:\/\/amanecerhuasteco.com\/portal\/wp-json\/wp\/v2\/comments?post=42381"}],"version-history":[{"count":1,"href":"https:\/\/amanecerhuasteco.com\/portal\/wp-json\/wp\/v2\/posts\/42381\/revisions"}],"predecessor-version":[{"id":42383,"href":"https:\/\/amanecerhuasteco.com\/portal\/wp-json\/wp\/v2\/posts\/42381\/revisions\/42383"}],"wp:featuredmedia":[{"embeddable":true,"href":"https:\/\/amanecerhuasteco.com\/portal\/wp-json\/wp\/v2\/media\/42382"}],"wp:attachment":[{"href":"https:\/\/amanecerhuasteco.com\/portal\/wp-json\/wp\/v2\/media?parent=42381"}],"wp:term":[{"taxonomy":"category","embeddable":true,"href":"https:\/\/amanecerhuasteco.com\/portal\/wp-json\/wp\/v2\/categories?post=42381"},{"taxonomy":"post_tag","embeddable":true,"href":"https:\/\/amanecerhuasteco.com\/portal\/wp-json\/wp\/v2\/tags?post=42381"}],"curies":[{"name":"wp","href":"https:\/\/api.w.org\/{rel}","templated":true}]}}