{"id":42384,"date":"2020-01-04T14:41:53","date_gmt":"2020-01-04T20:41:53","guid":{"rendered":"http:\/\/amanecerhuasteco.com\/portal\/?p=42384"},"modified":"2020-01-04T14:41:53","modified_gmt":"2020-01-04T20:41:53","slug":"inicia-ayuntamiento-de-ciudad-valles-con-la-entrega-de-las-primeras-acciones-de-vivienda","status":"publish","type":"post","link":"https:\/\/amanecerhuasteco.com\/portal\/inicia-ayuntamiento-de-ciudad-valles-con-la-entrega-de-las-primeras-acciones-de-vivienda\/","title":{"rendered":"Inicia Ayuntamiento de Ciudad Valles con la entrega de las primeras acciones de vivienda"},"content":{"rendered":"<p>&nbsp;<\/p>\n<p>Ciudad Valles, SLP.- Un total de 32 familias de varias colonias de Ciudad Valles, ser\u00e1n beneficiadas con acciones de vivienda que fueron posible a trav\u00e9s de recursos municipales.<\/p>\n<p>El titular de la Coordinaci\u00f3n de Desarrollo Social Alberto Esp\u00ednola Maldonado, reconoci\u00f3 el esfuerzo que realiza el presidente municipal Adri\u00e1n Esper C\u00e1rdenas para atender las solicitudes, que han presentado en diferentes rubros los ciudadanos y seguir abatiendo los \u00edndices de pobreza en el municipio.<\/p>\n<p>Dijo que la inversi\u00f3n para este proyecto es municipal y que intentan dar una mayor calidad de vida a las familias beneficiadas con pisos y techos firmes.<\/p>\n<p>Algunas de las colonias en donde se realizar\u00e1n acciones de vivienda son: Solidaridad, Buenos Aires, Ampliaci\u00f3n Santa Rosa, La Diana, Troncones y Plan de Ayala.<\/p>\n<p>\u201cEs dif\u00edcil poder abarcar a m\u00e1s poblaci\u00f3n sin apoyo de mezcla de recursos con el Estado, pero a\u00fan as\u00ed se intenta cubrir al m\u00e1ximo de nuestras capacidades los rubros prioritarios como es el agua, drenaje, electrificaci\u00f3n y vivienda\u00bb, agreg\u00f3 Esp\u00ednola Maldonado.<\/p>\n<p>&#8212;<\/p>\n","protected":false},"excerpt":{"rendered":"<p>&nbsp; Ciudad Valles, SLP.- Un total de 32 familias de varias colonias de Ciudad Valles, ser\u00e1n beneficiadas con acciones de vivienda que fueron posible a trav\u00e9s de recursos municipales. El titular de la Coordinaci\u00f3n de Desarrollo Social Alberto Esp\u00ednola Maldonado, reconoci\u00f3 el esfuerzo que realiza &hellip; <\/p>\n","protected":false},"author":1,"featured_media":42385,"comment_status":"open","ping_status":"open","sticky":false,"template":"","format":"standard","meta":{"footnotes":""},"categories":[7,4],"tags":[],"class_list":["post-42384","post","type-post","status-publish","format-standard","has-post-thumbnail","hentry","category-ciudad","category-inicio"],"_links":{"self":[{"href":"https:\/\/amanecerhuasteco.com\/portal\/wp-json\/wp\/v2\/posts\/42384","targetHints":{"allow":["GET"]}}],"collection":[{"href":"https:\/\/amanecerhuasteco.com\/portal\/wp-json\/wp\/v2\/posts"}],"about":[{"href":"https:\/\/amanecerhuasteco.com\/portal\/wp-json\/wp\/v2\/types\/post"}],"author":[{"embeddable":true,"href":"https:\/\/amanecerhuasteco.com\/portal\/wp-json\/wp\/v2\/users\/1"}],"replies":[{"embeddable":true,"href":"https:\/\/amanecerhuasteco.com\/portal\/wp-json\/wp\/v2\/comments?post=42384"}],"version-history":[{"count":1,"href":"https:\/\/amanecerhuasteco.com\/portal\/wp-json\/wp\/v2\/posts\/42384\/revisions"}],"predecessor-version":[{"id":42386,"href":"https:\/\/amanecerhuasteco.com\/portal\/wp-json\/wp\/v2\/posts\/42384\/revisions\/42386"}],"wp:featuredmedia":[{"embeddable":true,"href":"https:\/\/amanecerhuasteco.com\/portal\/wp-json\/wp\/v2\/media\/42385"}],"wp:attachment":[{"href":"https:\/\/amanecerhuasteco.com\/portal\/wp-json\/wp\/v2\/media?parent=42384"}],"wp:term":[{"taxonomy":"category","embeddable":true,"href":"https:\/\/amanecerhuasteco.com\/portal\/wp-json\/wp\/v2\/categories?post=42384"},{"taxonomy":"post_tag","embeddable":true,"href":"https:\/\/amanecerhuasteco.com\/portal\/wp-json\/wp\/v2\/tags?post=42384"}],"curies":[{"name":"wp","href":"https:\/\/api.w.org\/{rel}","templated":true}]}}