{"id":42500,"date":"2020-01-07T19:10:52","date_gmt":"2020-01-08T01:10:52","guid":{"rendered":"http:\/\/amanecerhuasteco.com\/portal\/?p=42500"},"modified":"2020-01-07T19:10:52","modified_gmt":"2020-01-08T01:10:52","slug":"hare-las-donaciones-que-sean-necesarias-para-terminar-la-construccion-del-estacionamiento-de-camiones-caneros-adrian-esper-cardenas","status":"publish","type":"post","link":"https:\/\/amanecerhuasteco.com\/portal\/hare-las-donaciones-que-sean-necesarias-para-terminar-la-construccion-del-estacionamiento-de-camiones-caneros-adrian-esper-cardenas\/","title":{"rendered":"Har\u00e9 las donaciones que sean necesarias para terminar la construcci\u00f3n del estacionamiento de camiones ca\u00f1eros: Adri\u00e1n Esper C\u00e1rdenas"},"content":{"rendered":"<p><img decoding=\"async\" class=\"alignnone size-full wp-image-42502\" src=\"https:\/\/amanecerhuasteco.com\/portal\/wp-content\/uploads\/2020\/01\/corte-2.jpg\" alt=\"\" width=\"903\" height=\"418\" \/><\/p>\n<p>-Alcalde corta el list\u00f3n simb\u00f3licamente de inicio de la zafra del Ingenio Plan de Ayala<\/p>\n<p>Ciudad Valles.- El Presidente Municipal, Adri\u00e1n Esper C\u00e1rdenas, fue invitado de honor este martes 7 de enero a cortar el list\u00f3n inaugural de inicio de la zafra 2019-2020 del Ingenio Plan de Ayala acompa\u00f1ado de algunos funcionarios municipales.<\/p>\n<p>Integrantes del Comit\u00e9 de Producci\u00f3n y Calidad Ca\u00f1era, entre ellos representantes de la industria, \u00a0los dirigentes ca\u00f1eros Carlos Zamora Flores y Antonio Ju\u00e1rez Torres, acompa\u00f1aron al alcalde Adri\u00e1n Esper C\u00e1rdenas para que realizara el corte del list\u00f3n \u00a0inaugural de esta zafra en el acceso de camiones de carga.<\/p>\n<p>Esper C\u00e1rdenas dijo que este a\u00f1o para los ca\u00f1eros es un a\u00f1o complicado y en lo personal se ha venido advirtiendo desde hace d\u00e9cadas, de tener un plan \u201cB\u201d, y no depender solo de la agroindustria de la ca\u00f1a y el ganado, por ello se insisti\u00f3 en generar otra econom\u00eda con el aeropuerto como es la tur\u00edstica con el redise\u00f1o de la ciudad.<\/p>\n<p>El alcalde al ser cuestionado sobre la promesa de construcci\u00f3n del \u201cestacionamiento de camiones ca\u00f1eros\u201d, dijo que el retraso en la obra se debe a que se trata de una propiedad privada adem\u00e1s que se realizara con recursos del ayuntamiento, aportaciones de organizaciones y donaciones, pero en caso de que no haya donaciones esta obra se har\u00e1 con dinero m\u00edo, puntualizo el alcalde.<\/p>\n<p>&nbsp;<\/p>\n<p>&#8212;<\/p>\n","protected":false},"excerpt":{"rendered":"<p>-Alcalde corta el list\u00f3n simb\u00f3licamente de inicio de la zafra del Ingenio Plan de Ayala Ciudad Valles.- El Presidente Municipal, Adri\u00e1n Esper C\u00e1rdenas, fue invitado de honor este martes 7 de enero a cortar el list\u00f3n inaugural de inicio de la zafra 2019-2020 del Ingenio &hellip; <\/p>\n","protected":false},"author":1,"featured_media":42501,"comment_status":"open","ping_status":"open","sticky":false,"template":"","format":"standard","meta":{"footnotes":""},"categories":[7,4,20],"tags":[],"class_list":["post-42500","post","type-post","status-publish","format-standard","has-post-thumbnail","hentry","category-ciudad","category-inicio","category-tamuin"],"_links":{"self":[{"href":"https:\/\/amanecerhuasteco.com\/portal\/wp-json\/wp\/v2\/posts\/42500","targetHints":{"allow":["GET"]}}],"collection":[{"href":"https:\/\/amanecerhuasteco.com\/portal\/wp-json\/wp\/v2\/posts"}],"about":[{"href":"https:\/\/amanecerhuasteco.com\/portal\/wp-json\/wp\/v2\/types\/post"}],"author":[{"embeddable":true,"href":"https:\/\/amanecerhuasteco.com\/portal\/wp-json\/wp\/v2\/users\/1"}],"replies":[{"embeddable":true,"href":"https:\/\/amanecerhuasteco.com\/portal\/wp-json\/wp\/v2\/comments?post=42500"}],"version-history":[{"count":2,"href":"https:\/\/amanecerhuasteco.com\/portal\/wp-json\/wp\/v2\/posts\/42500\/revisions"}],"predecessor-version":[{"id":42504,"href":"https:\/\/amanecerhuasteco.com\/portal\/wp-json\/wp\/v2\/posts\/42500\/revisions\/42504"}],"wp:featuredmedia":[{"embeddable":true,"href":"https:\/\/amanecerhuasteco.com\/portal\/wp-json\/wp\/v2\/media\/42501"}],"wp:attachment":[{"href":"https:\/\/amanecerhuasteco.com\/portal\/wp-json\/wp\/v2\/media?parent=42500"}],"wp:term":[{"taxonomy":"category","embeddable":true,"href":"https:\/\/amanecerhuasteco.com\/portal\/wp-json\/wp\/v2\/categories?post=42500"},{"taxonomy":"post_tag","embeddable":true,"href":"https:\/\/amanecerhuasteco.com\/portal\/wp-json\/wp\/v2\/tags?post=42500"}],"curies":[{"name":"wp","href":"https:\/\/api.w.org\/{rel}","templated":true}]}}