{"id":43170,"date":"2020-01-30T21:10:27","date_gmt":"2020-01-31T03:10:27","guid":{"rendered":"http:\/\/amanecerhuasteco.com\/portal\/?p=43170"},"modified":"2020-01-30T21:10:27","modified_gmt":"2020-01-31T03:10:27","slug":"uecs-consigue-prision-preventiva-para-dos-individuos-acusados-de-secuestro","status":"publish","type":"post","link":"https:\/\/amanecerhuasteco.com\/portal\/uecs-consigue-prision-preventiva-para-dos-individuos-acusados-de-secuestro\/","title":{"rendered":"UECS Consigue prisi\u00f3n preventiva para dos individuos acusados de secuestro"},"content":{"rendered":"<p>-Asimismo, fueron vinculados a proceso; estar\u00e1n recluidos en el penal de La Pila<\/p>\n<p>San Luis Potos\u00ed. &#8211; Dos hombres que presuntamente privaron de la libertad a una persona, fueron vinculados a proceso, despu\u00e9s de que litigadores de la Unidad Especializada en Combate al Secuestro (UECS) aportaron los datos iniciales de prueba de su participaci\u00f3n en los hechos ocurridos en la delegaci\u00f3n de Villa de Pozos, inform\u00f3 la Fiscal\u00eda General del Estado de San Luis Potos\u00ed (FGESLP).<\/p>\n<p>En la continuaci\u00f3n de la audiencia inicial, ya que la defensa solicit\u00f3 la duplicidad del t\u00e9rmino constitucional, el Juez de Control decidi\u00f3 vincular a proceso a quienes fueron identificados como Julio Cesar \u201cN\u201d y Josu\u00e9 Gonzalo \u201cN\u201d.<\/p>\n<p>Adem\u00e1s, los litigadores de la FGESLP solicitaron como medida cautelar la prisi\u00f3n preventiva oficiosa, misma que fue otorgada por la autoridad judicial.<\/p>\n<p>Para las partes involucradas se concedi\u00f3 un plazo de cuatro meses para las investigaciones complementarias.<\/p>\n<p>Fue el 17 de julio del a\u00f1o 2019, cuando los ahora vinculados arribaron a bordo de un veh\u00edculo tipo Sentra de color oscuro, a la avenida de Los Bosques de las Flores en la delegaci\u00f3n Villa de Pozos, perteneciente a San Luis Potos\u00ed, lugar en donde se encontraba la v\u00edctima en su autom\u00f3vil.<\/p>\n<p>Los presuntos se dirigieron al ciudadano apunt\u00e1ndole con un arma de fuego, baj\u00e1ndolo y subi\u00e9ndolo a la parte trasera de la unidad.<\/p>\n<p>Los sujetos golpearon al agraviado en repetidas ocasiones para despu\u00e9s amenazarlo con quitarle la vida, si no entregaba una fuerte suma de dinero, permiti\u00e9ndole hacer una llamada para solicitar a sus familiares juntaran el efectivo necesario.<\/p>\n<p>Posteriormente los imputados subieron nuevamente a la v\u00edctima a veh\u00edculo llev\u00e1ndolo hasta la calle 58 frente a la cl\u00ednica 50 del IMSS en la colonia Prados de San Vicente 2\u00aa secci\u00f3n, en donde la dejaron abandonada.<\/p>\n<p>&nbsp;<\/p>\n<p>Gracias a las investigaciones realizadas por agentes de la UECS se logr\u00f3 la identificaci\u00f3n, ubicaci\u00f3n y detenci\u00f3n de los ahora vinculados, quienes llevaran su proceso interno en el centro de reinserci\u00f3n social de La Pila.<\/p>\n<p>&#8212;<\/p>\n","protected":false},"excerpt":{"rendered":"<p>-Asimismo, fueron vinculados a proceso; estar\u00e1n recluidos en el penal de La Pila San Luis Potos\u00ed. &#8211; Dos hombres que presuntamente privaron de la libertad a una persona, fueron vinculados a proceso, despu\u00e9s de que litigadores de la Unidad Especializada en Combate al Secuestro (UECS) &hellip; <\/p>\n","protected":false},"author":1,"featured_media":43171,"comment_status":"open","ping_status":"open","sticky":false,"template":"","format":"standard","meta":{"footnotes":""},"categories":[11,4,19],"tags":[],"class_list":["post-43170","post","type-post","status-publish","format-standard","has-post-thumbnail","hentry","category-estado","category-inicio","category-policia"],"_links":{"self":[{"href":"https:\/\/amanecerhuasteco.com\/portal\/wp-json\/wp\/v2\/posts\/43170","targetHints":{"allow":["GET"]}}],"collection":[{"href":"https:\/\/amanecerhuasteco.com\/portal\/wp-json\/wp\/v2\/posts"}],"about":[{"href":"https:\/\/amanecerhuasteco.com\/portal\/wp-json\/wp\/v2\/types\/post"}],"author":[{"embeddable":true,"href":"https:\/\/amanecerhuasteco.com\/portal\/wp-json\/wp\/v2\/users\/1"}],"replies":[{"embeddable":true,"href":"https:\/\/amanecerhuasteco.com\/portal\/wp-json\/wp\/v2\/comments?post=43170"}],"version-history":[{"count":1,"href":"https:\/\/amanecerhuasteco.com\/portal\/wp-json\/wp\/v2\/posts\/43170\/revisions"}],"predecessor-version":[{"id":43172,"href":"https:\/\/amanecerhuasteco.com\/portal\/wp-json\/wp\/v2\/posts\/43170\/revisions\/43172"}],"wp:featuredmedia":[{"embeddable":true,"href":"https:\/\/amanecerhuasteco.com\/portal\/wp-json\/wp\/v2\/media\/43171"}],"wp:attachment":[{"href":"https:\/\/amanecerhuasteco.com\/portal\/wp-json\/wp\/v2\/media?parent=43170"}],"wp:term":[{"taxonomy":"category","embeddable":true,"href":"https:\/\/amanecerhuasteco.com\/portal\/wp-json\/wp\/v2\/categories?post=43170"},{"taxonomy":"post_tag","embeddable":true,"href":"https:\/\/amanecerhuasteco.com\/portal\/wp-json\/wp\/v2\/tags?post=43170"}],"curies":[{"name":"wp","href":"https:\/\/api.w.org\/{rel}","templated":true}]}}