{"id":43187,"date":"2020-01-31T08:06:32","date_gmt":"2020-01-31T14:06:32","guid":{"rendered":"http:\/\/amanecerhuasteco.com\/portal\/?p=43187"},"modified":"2020-01-31T08:06:32","modified_gmt":"2020-01-31T14:06:32","slug":"inegi-realizara-censo-socioeconomico-y-de-infraestructura-en-ciudad-valles","status":"publish","type":"post","link":"https:\/\/amanecerhuasteco.com\/portal\/inegi-realizara-censo-socioeconomico-y-de-infraestructura-en-ciudad-valles\/","title":{"rendered":"INEGI realizar\u00e1 censo socioecon\u00f3mico y de infraestructura en Ciudad Valles"},"content":{"rendered":"<p>&nbsp;<\/p>\n<p>Ciudad Valles.- El pr\u00f3ximo 3 de febrero del a\u00f1o en curso el Instituto Nacional de Estad\u00edstica y Geograf\u00eda (INEGI) realizar\u00e1 un operativo especial que captar\u00e1 informaci\u00f3n sobre la infraestructura y las caracter\u00edsticas socioecon\u00f3micas de todas las localidades del pa\u00eds, entre ellas el municipio de Ciudad Valles.<\/p>\n<p>Se realizar\u00e1 un recorrido y captaci\u00f3n de informaci\u00f3n por observaci\u00f3n, para el llenado de un cuestionario del entorno urbano, que tiene como finalidad actualizar la informaci\u00f3n sobre la disponibilidad de infraestructura vial, mobiliario, restricci\u00f3n del paso a peatones y autom\u00f3viles, adem\u00e1s de la presencia de comercio y servicios en la v\u00eda p\u00fablica.<\/p>\n<p>Tambi\u00e9n se hizo un llamado a la poblaci\u00f3n para que participe de manera comprometida y proporcione a los entrevistadores respuestas veraces sobre el n\u00famero de personas y caracter\u00edsticas de las viviendas.<\/p>\n<p>La informaci\u00f3n recabada ser\u00e1 estrictamente confidencial y no podr\u00e1 utilizarse para otro fin diferente al estad\u00edstico.<\/p>\n<p>&nbsp;<\/p>\n<p>&nbsp;<\/p>\n<p>&#8212;<\/p>\n","protected":false},"excerpt":{"rendered":"<p>&nbsp; Ciudad Valles.- El pr\u00f3ximo 3 de febrero del a\u00f1o en curso el Instituto Nacional de Estad\u00edstica y Geograf\u00eda (INEGI) realizar\u00e1 un operativo especial que captar\u00e1 informaci\u00f3n sobre la infraestructura y las caracter\u00edsticas socioecon\u00f3micas de todas las localidades del pa\u00eds, entre ellas el municipio de &hellip; <\/p>\n","protected":false},"author":1,"featured_media":43188,"comment_status":"open","ping_status":"open","sticky":false,"template":"","format":"standard","meta":{"footnotes":""},"categories":[11,4],"tags":[],"class_list":["post-43187","post","type-post","status-publish","format-standard","has-post-thumbnail","hentry","category-estado","category-inicio"],"_links":{"self":[{"href":"https:\/\/amanecerhuasteco.com\/portal\/wp-json\/wp\/v2\/posts\/43187","targetHints":{"allow":["GET"]}}],"collection":[{"href":"https:\/\/amanecerhuasteco.com\/portal\/wp-json\/wp\/v2\/posts"}],"about":[{"href":"https:\/\/amanecerhuasteco.com\/portal\/wp-json\/wp\/v2\/types\/post"}],"author":[{"embeddable":true,"href":"https:\/\/amanecerhuasteco.com\/portal\/wp-json\/wp\/v2\/users\/1"}],"replies":[{"embeddable":true,"href":"https:\/\/amanecerhuasteco.com\/portal\/wp-json\/wp\/v2\/comments?post=43187"}],"version-history":[{"count":1,"href":"https:\/\/amanecerhuasteco.com\/portal\/wp-json\/wp\/v2\/posts\/43187\/revisions"}],"predecessor-version":[{"id":43189,"href":"https:\/\/amanecerhuasteco.com\/portal\/wp-json\/wp\/v2\/posts\/43187\/revisions\/43189"}],"wp:featuredmedia":[{"embeddable":true,"href":"https:\/\/amanecerhuasteco.com\/portal\/wp-json\/wp\/v2\/media\/43188"}],"wp:attachment":[{"href":"https:\/\/amanecerhuasteco.com\/portal\/wp-json\/wp\/v2\/media?parent=43187"}],"wp:term":[{"taxonomy":"category","embeddable":true,"href":"https:\/\/amanecerhuasteco.com\/portal\/wp-json\/wp\/v2\/categories?post=43187"},{"taxonomy":"post_tag","embeddable":true,"href":"https:\/\/amanecerhuasteco.com\/portal\/wp-json\/wp\/v2\/tags?post=43187"}],"curies":[{"name":"wp","href":"https:\/\/api.w.org\/{rel}","templated":true}]}}