{"id":43792,"date":"2020-02-20T20:47:40","date_gmt":"2020-02-21T02:47:40","guid":{"rendered":"http:\/\/amanecerhuasteco.com\/portal\/?p=43792"},"modified":"2020-02-20T20:51:04","modified_gmt":"2020-02-21T02:51:04","slug":"ejidatarios-de-las-palmas-anunciaron-que-la-proxima-semana-bloqueo-total-al-acceso-a-la-planta-cementera-y-plantas-termoelectricas","status":"publish","type":"post","link":"https:\/\/amanecerhuasteco.com\/portal\/ejidatarios-de-las-palmas-anunciaron-que-la-proxima-semana-bloqueo-total-al-acceso-a-la-planta-cementera-y-plantas-termoelectricas\/","title":{"rendered":"Ejidatarios de las Palmas, anuncian \u201cbloqueo total\u201d al acceso a la planta cementera y plantas termoel\u00e9ctricas"},"content":{"rendered":"<p>Tamu\u00edn.- Despu\u00e9s de a\u00f1os de litigios en diferentes instancias para exigir justicia a ejidatarios de las Palmas por el respeto a los derechos humanos y justicia para los habitantes de este poblado, se encuentran organiz\u00e1ndose para la pr\u00f3xima semana llevar acabo el bloqueo total del acceso a ambas industrias.<\/p>\n<p>Ernesto M\u00e1rquez Torres, apoderado legal del ejido Las Palmas, en entrevista con Amanecer Huasteco, dijo que se puso del conocimiento del Delegado Federal en San Luis Potos\u00ed, Gabino Morales sobre la situaci\u00f3n que viven las familias del ejido Las Palmas y se le notific\u00f3 de las acciones que se llevar\u00e1n a cabo como como es bloqueo del acceso y plant\u00f3n.<\/p>\n<p>Lo anterior se hizo ante el Delegado, para que no quieran mandar al Ejercito o la Polic\u00eda Estatal a reprimir a ejidatarios, ya que es una lucha social del ejido las Palmas, porque la cementera y la termoel\u00e9ctrica \u201cest\u00e1n causando da\u00f1o patrimonial a la gente del ejido que no le quieren pagar y da\u00f1o a nuestra salud\u201d.<\/p>\n<p>M\u00e1rquez Torres, dijo que se tiene la documentaci\u00f3n donde se comprueba que las tierras donde se encuentran instaladas las empresas son propiedad del ejido Las Palmas, que se incumplieron las condiciones para la instalaci\u00f3n de estas industrias, adem\u00e1s de que se ha comprobado la contaminaci\u00f3n que han generado por a\u00f1os al aire, agua y suelo.<\/p>\n<p>Por ese motivo en reuniones los ejidatarios est\u00e1n organiz\u00e1ndose para llevar acabo un paro total de las plantas termoel\u00e9ctricas y la planta cementera, que se estar\u00eda realizando para la pr\u00f3xima semana, aunque no hay fecha definida.<\/p>\n<p>Enfatiz\u00f3, que se pretenden bloquear el acceso a las industrias para que las autoridades hagan su trabajo, de inici\u00f3 ya se les comprob\u00f3 que no cuentan ni con \u201clicencias de funcionamiento\u201d, muchas menos estudios de impacto ambiental,<\/p>\n<p>&nbsp;<\/p>\n<p>&#8212;<\/p>\n","protected":false},"excerpt":{"rendered":"<p>Tamu\u00edn.- Despu\u00e9s de a\u00f1os de litigios en diferentes instancias para exigir justicia a ejidatarios de las Palmas por el respeto a los derechos humanos y justicia para los habitantes de este poblado, se encuentran organiz\u00e1ndose para la pr\u00f3xima semana llevar acabo el bloqueo total del &hellip; <\/p>\n","protected":false},"author":1,"featured_media":43793,"comment_status":"open","ping_status":"open","sticky":false,"template":"","format":"standard","meta":{"footnotes":""},"categories":[7,23,11,4,12,5,20],"tags":[],"class_list":["post-43792","post","type-post","status-publish","format-standard","has-post-thumbnail","hentry","category-ciudad","category-congreso","category-estado","category-inicio","category-nacional","category-politica","category-tamuin"],"_links":{"self":[{"href":"https:\/\/amanecerhuasteco.com\/portal\/wp-json\/wp\/v2\/posts\/43792","targetHints":{"allow":["GET"]}}],"collection":[{"href":"https:\/\/amanecerhuasteco.com\/portal\/wp-json\/wp\/v2\/posts"}],"about":[{"href":"https:\/\/amanecerhuasteco.com\/portal\/wp-json\/wp\/v2\/types\/post"}],"author":[{"embeddable":true,"href":"https:\/\/amanecerhuasteco.com\/portal\/wp-json\/wp\/v2\/users\/1"}],"replies":[{"embeddable":true,"href":"https:\/\/amanecerhuasteco.com\/portal\/wp-json\/wp\/v2\/comments?post=43792"}],"version-history":[{"count":3,"href":"https:\/\/amanecerhuasteco.com\/portal\/wp-json\/wp\/v2\/posts\/43792\/revisions"}],"predecessor-version":[{"id":43798,"href":"https:\/\/amanecerhuasteco.com\/portal\/wp-json\/wp\/v2\/posts\/43792\/revisions\/43798"}],"wp:featuredmedia":[{"embeddable":true,"href":"https:\/\/amanecerhuasteco.com\/portal\/wp-json\/wp\/v2\/media\/43793"}],"wp:attachment":[{"href":"https:\/\/amanecerhuasteco.com\/portal\/wp-json\/wp\/v2\/media?parent=43792"}],"wp:term":[{"taxonomy":"category","embeddable":true,"href":"https:\/\/amanecerhuasteco.com\/portal\/wp-json\/wp\/v2\/categories?post=43792"},{"taxonomy":"post_tag","embeddable":true,"href":"https:\/\/amanecerhuasteco.com\/portal\/wp-json\/wp\/v2\/tags?post=43792"}],"curies":[{"name":"wp","href":"https:\/\/api.w.org\/{rel}","templated":true}]}}