{"id":43979,"date":"2020-02-26T08:10:26","date_gmt":"2020-02-26T14:10:26","guid":{"rendered":"http:\/\/amanecerhuasteco.com\/portal\/?p=43979"},"modified":"2020-02-26T08:10:26","modified_gmt":"2020-02-26T14:10:26","slug":"se-augura-un-buen-precio-por-la-tonelada-de-cana-en-zafra-2019-2020","status":"publish","type":"post","link":"https:\/\/amanecerhuasteco.com\/portal\/se-augura-un-buen-precio-por-la-tonelada-de-cana-en-zafra-2019-2020\/","title":{"rendered":"Se augura un buen precio por la tonelada de ca\u00f1a en zafra 2019-2020"},"content":{"rendered":"<p>&nbsp;<\/p>\n<p>-Vendr\u00eda a paliar los da\u00f1os causados por la sequ\u00eda<\/p>\n<p>San Luis Potos\u00ed.- Miles de productores ca\u00f1eros de San Luis Potos\u00ed, resultaron afectados por la sequ\u00eda del 2019 y tendr\u00e1n una producci\u00f3n de apenas el 50% de lo esperado, lo que causara problemas financieros sin embargo se est\u00e1n dando las condiciones para que el precio por tonelada en esta zafra supere los mil pesos.<\/p>\n<p>De acuerdo a informaci\u00f3n dada a conocer por destacados productores de ca\u00f1a de la regi\u00f3n huasteca que pidieron mantener su anonimato,\u00a0 se\u00f1alaron que\u00a0 es triste la situaci\u00f3n por la que atraviesan miles de ca\u00f1eros por la baja producci\u00f3n y rendimiento de sus ca\u00f1as, sin embargo se est\u00e1n dando las condiciones para que reciben un buen precio por la tonelada de ca\u00f1a.<\/p>\n<p>Explican, que en esta zafra 2019-2020 el precio ser\u00e1: El Karbe multiplicado por el factor (7.8) por lo que se est\u00e1 dando en el mercado, podr\u00eda ubicarse en mil pesos o m\u00e1s \u00a0y para la siguiente zafra 2021-2020 el precio se puede mantener y si las condiciones son favorables como hasta hoy el precio podr\u00eda llegar a arriba de los 1000 pesos.<\/p>\n<p>Nuestro informante, explica que a partir de este a\u00f1o hay escases en el mercado mundial por lo que los precios est\u00e1n presionados al alza el mercado americano y no sabemos todav\u00eda que volumen se va a importar pero hay condiciones para que si el ca\u00f1ero hace bien las cosas y promedia la zafra 19\/20 y la 20\/21 financieramente puede cumplir con sus compromisos.<\/p>\n<p>&#8212;<\/p>\n","protected":false},"excerpt":{"rendered":"<p>&nbsp; -Vendr\u00eda a paliar los da\u00f1os causados por la sequ\u00eda San Luis Potos\u00ed.- Miles de productores ca\u00f1eros de San Luis Potos\u00ed, resultaron afectados por la sequ\u00eda del 2019 y tendr\u00e1n una producci\u00f3n de apenas el 50% de lo esperado, lo que causara problemas financieros sin &hellip; <\/p>\n","protected":false},"author":1,"featured_media":43980,"comment_status":"open","ping_status":"open","sticky":false,"template":"","format":"standard","meta":{"footnotes":""},"categories":[7,11,4,12],"tags":[],"class_list":["post-43979","post","type-post","status-publish","format-standard","has-post-thumbnail","hentry","category-ciudad","category-estado","category-inicio","category-nacional"],"_links":{"self":[{"href":"https:\/\/amanecerhuasteco.com\/portal\/wp-json\/wp\/v2\/posts\/43979","targetHints":{"allow":["GET"]}}],"collection":[{"href":"https:\/\/amanecerhuasteco.com\/portal\/wp-json\/wp\/v2\/posts"}],"about":[{"href":"https:\/\/amanecerhuasteco.com\/portal\/wp-json\/wp\/v2\/types\/post"}],"author":[{"embeddable":true,"href":"https:\/\/amanecerhuasteco.com\/portal\/wp-json\/wp\/v2\/users\/1"}],"replies":[{"embeddable":true,"href":"https:\/\/amanecerhuasteco.com\/portal\/wp-json\/wp\/v2\/comments?post=43979"}],"version-history":[{"count":2,"href":"https:\/\/amanecerhuasteco.com\/portal\/wp-json\/wp\/v2\/posts\/43979\/revisions"}],"predecessor-version":[{"id":43982,"href":"https:\/\/amanecerhuasteco.com\/portal\/wp-json\/wp\/v2\/posts\/43979\/revisions\/43982"}],"wp:featuredmedia":[{"embeddable":true,"href":"https:\/\/amanecerhuasteco.com\/portal\/wp-json\/wp\/v2\/media\/43980"}],"wp:attachment":[{"href":"https:\/\/amanecerhuasteco.com\/portal\/wp-json\/wp\/v2\/media?parent=43979"}],"wp:term":[{"taxonomy":"category","embeddable":true,"href":"https:\/\/amanecerhuasteco.com\/portal\/wp-json\/wp\/v2\/categories?post=43979"},{"taxonomy":"post_tag","embeddable":true,"href":"https:\/\/amanecerhuasteco.com\/portal\/wp-json\/wp\/v2\/tags?post=43979"}],"curies":[{"name":"wp","href":"https:\/\/api.w.org\/{rel}","templated":true}]}}