{"id":44112,"date":"2020-03-02T09:51:17","date_gmt":"2020-03-02T15:51:17","guid":{"rendered":"http:\/\/amanecerhuasteco.com\/portal\/?p=44112"},"modified":"2020-03-02T09:51:17","modified_gmt":"2020-03-02T15:51:17","slug":"fge-localiza-3-hombres-sin-vida-en-una-cavidad-natural-de-santa-catarina","status":"publish","type":"post","link":"https:\/\/amanecerhuasteco.com\/portal\/fge-localiza-3-hombres-sin-vida-en-una-cavidad-natural-de-santa-catarina\/","title":{"rendered":"FGE localiza 3 hombres sin vida en una cavidad natural de Santa Catarina"},"content":{"rendered":"<p>&nbsp;<\/p>\n<p>-Ya se comenzaron con las investigaciones respectivas por estos hallazgos<\/p>\n<p>-Fue en seguimiento a labores que realiza la Unidad de Personas Desaparecidas<\/p>\n<p>Santa Catarina.- \u00a0La Fiscal\u00eda Especializada en materia de Derechos Humanos, a trav\u00e9s del personal de Unidad de Personas Desaparecidas o Extraviadas en coordinaci\u00f3n con diversos cuerpos de rescate, localizaron en una cavidad natural del ejido El Saucillo del municipio de Santa Catarina, tres cuerpos sin vida.<\/p>\n<p>Derivado de la b\u00fasqueda de una persona por una carpeta de investigaci\u00f3n, las autoridades ubicaron el lugar conocido como El S\u00f3tano, y desde el viernes 28 de febrero de 2020 comenzaron con los trabajos para recuperar los cuerpos que se encontraban a una profundidad de aproximadamente 35 metros.<\/p>\n<p>Ese d\u00eda se logr\u00f3 el rescate de una persona del sexo masculino en estado de descomposici\u00f3n, que vest\u00eda una chamarra negra, pants gris y tenis negros con una cinta roja.<\/p>\n<p>Dicho cuerpo fue llevado al Servicio M\u00e9dico Legista (Semele) de Rioverde, en donde la necropsia revel\u00f3 que la causa de muerte fue asfixia por estrangulamiento.<\/p>\n<p>Posteriormente, el d\u00eda s\u00e1bado 29 de febrero del presente a\u00f1o, se reanudaron las diligencias, rescatando los cuerpos sin vida de dos hombres m\u00e1s, los cuales tambi\u00e9n fueron llevados al Semele para practicarles las necropsias respectivas, misma que se\u00f1al\u00f3 que la causa del fallecimiento fue traumatismo craneoencef\u00e1lico para ambos.<\/p>\n<p>En estas diligencias apoyaron a la Fiscal\u00eda General del Estado de San Luis Potos\u00ed (FGESLP), Bomberos de Rioverde, Protecci\u00f3n Civil del Estado, Polic\u00eda de Investigaci\u00f3n (PDI) de la zona Media, Guardia Nacional, Sedena, Polic\u00eda Municipal de Santa Catarina y Polic\u00eda Estatal.<\/p>\n<p>La FGESLP trabaja en la identificaci\u00f3n de los tres hombres hallados sin vida e investiga si corresponder\u00edan a personas que estuvieran en calidad de no localizados en la regi\u00f3n.<\/p>\n<p>De igual forma, la PDI comenz\u00f3 con las investigaciones correspondientes para esclarecer quien o quienes los privaron de la vida.<\/p>\n<p>&#8212;<\/p>\n","protected":false},"excerpt":{"rendered":"<p>&nbsp; -Ya se comenzaron con las investigaciones respectivas por estos hallazgos -Fue en seguimiento a labores que realiza la Unidad de Personas Desaparecidas Santa Catarina.- \u00a0La Fiscal\u00eda Especializada en materia de Derechos Humanos, a trav\u00e9s del personal de Unidad de Personas Desaparecidas o Extraviadas en &hellip; <\/p>\n","protected":false},"author":1,"featured_media":44113,"comment_status":"open","ping_status":"open","sticky":false,"template":"","format":"standard","meta":{"footnotes":""},"categories":[7,11,4,12,19],"tags":[],"class_list":["post-44112","post","type-post","status-publish","format-standard","has-post-thumbnail","hentry","category-ciudad","category-estado","category-inicio","category-nacional","category-policia"],"_links":{"self":[{"href":"https:\/\/amanecerhuasteco.com\/portal\/wp-json\/wp\/v2\/posts\/44112","targetHints":{"allow":["GET"]}}],"collection":[{"href":"https:\/\/amanecerhuasteco.com\/portal\/wp-json\/wp\/v2\/posts"}],"about":[{"href":"https:\/\/amanecerhuasteco.com\/portal\/wp-json\/wp\/v2\/types\/post"}],"author":[{"embeddable":true,"href":"https:\/\/amanecerhuasteco.com\/portal\/wp-json\/wp\/v2\/users\/1"}],"replies":[{"embeddable":true,"href":"https:\/\/amanecerhuasteco.com\/portal\/wp-json\/wp\/v2\/comments?post=44112"}],"version-history":[{"count":2,"href":"https:\/\/amanecerhuasteco.com\/portal\/wp-json\/wp\/v2\/posts\/44112\/revisions"}],"predecessor-version":[{"id":44115,"href":"https:\/\/amanecerhuasteco.com\/portal\/wp-json\/wp\/v2\/posts\/44112\/revisions\/44115"}],"wp:featuredmedia":[{"embeddable":true,"href":"https:\/\/amanecerhuasteco.com\/portal\/wp-json\/wp\/v2\/media\/44113"}],"wp:attachment":[{"href":"https:\/\/amanecerhuasteco.com\/portal\/wp-json\/wp\/v2\/media?parent=44112"}],"wp:term":[{"taxonomy":"category","embeddable":true,"href":"https:\/\/amanecerhuasteco.com\/portal\/wp-json\/wp\/v2\/categories?post=44112"},{"taxonomy":"post_tag","embeddable":true,"href":"https:\/\/amanecerhuasteco.com\/portal\/wp-json\/wp\/v2\/tags?post=44112"}],"curies":[{"name":"wp","href":"https:\/\/api.w.org\/{rel}","templated":true}]}}