{"id":44430,"date":"2020-03-16T20:13:17","date_gmt":"2020-03-17T02:13:17","guid":{"rendered":"http:\/\/amanecerhuasteco.com\/portal\/?p=44430"},"modified":"2020-03-16T20:13:17","modified_gmt":"2020-03-17T02:13:17","slug":"gobierno-atienen-a-familias-afectadas-por-tromba-en-salinas","status":"publish","type":"post","link":"https:\/\/amanecerhuasteco.com\/portal\/gobierno-atienen-a-familias-afectadas-por-tromba-en-salinas\/","title":{"rendered":"Gobierno atienen a familias afectadas por tromba en Salinas  \u00a0"},"content":{"rendered":"<p>&nbsp;<\/p>\n<ul>\n<li><strong>Se encuentra personal de los tres niveles atendiendo a la poblaci\u00f3n.<\/strong><\/li>\n<\/ul>\n<p>San Luis Potos\u00ed.- El Secretario General de Gobierno, Alejandro Leal Tov\u00edas, dio a conocer que personal de la Coordinaci\u00f3n General de Protecci\u00f3n Civil (PC), Secretar\u00eda de Desarrollo Social y Regional (SEDESORE), as\u00ed como de la Guardia Nacional y de la Secretaria de la Defensa Nacional, arribaron a Salinas para atender y resguardar a las familias afectadas por la tromba que se present\u00f3 durante las primeras horas de este lunes en una comunidad de este municipio.<\/p>\n<p>El funcionario estatal inform\u00f3 que los titulares de SEDESORE y PC, Alberto El\u00edas S\u00e1nchez y Ignacio Benavente Duque, se encuentran en la localidad de La Joya, por lo que los primeros reportes apuntan que m\u00e1s de 400 personas fueron evacuadas de sus domicilios para evitar afectaciones a su integridad f\u00edsica.<\/p>\n<p>De la misma manera, se\u00f1al\u00f3 que instancias municipales habilitaron el auditorio para resguardar a las familias afectadas, por lo que despu\u00e9s de una evaluaci\u00f3n se har\u00eda una declaratoria de emergencia.<\/p>\n<p>Destac\u00f3 que brigadas de la Secretar\u00eda de Salud acude al lugar para atender a la poblaci\u00f3n afectada.<\/p>\n<p><strong>\u00a0<\/strong><\/p>\n","protected":false},"excerpt":{"rendered":"<p>&nbsp; Se encuentra personal de los tres niveles atendiendo a la poblaci\u00f3n. San Luis Potos\u00ed.- El Secretario General de Gobierno, Alejandro Leal Tov\u00edas, dio a conocer que personal de la Coordinaci\u00f3n General de Protecci\u00f3n Civil (PC), Secretar\u00eda de Desarrollo Social y Regional (SEDESORE), as\u00ed como &hellip; <\/p>\n","protected":false},"author":1,"featured_media":44431,"comment_status":"open","ping_status":"open","sticky":false,"template":"","format":"standard","meta":{"footnotes":""},"categories":[7,11,4,12],"tags":[],"class_list":["post-44430","post","type-post","status-publish","format-standard","has-post-thumbnail","hentry","category-ciudad","category-estado","category-inicio","category-nacional"],"_links":{"self":[{"href":"https:\/\/amanecerhuasteco.com\/portal\/wp-json\/wp\/v2\/posts\/44430","targetHints":{"allow":["GET"]}}],"collection":[{"href":"https:\/\/amanecerhuasteco.com\/portal\/wp-json\/wp\/v2\/posts"}],"about":[{"href":"https:\/\/amanecerhuasteco.com\/portal\/wp-json\/wp\/v2\/types\/post"}],"author":[{"embeddable":true,"href":"https:\/\/amanecerhuasteco.com\/portal\/wp-json\/wp\/v2\/users\/1"}],"replies":[{"embeddable":true,"href":"https:\/\/amanecerhuasteco.com\/portal\/wp-json\/wp\/v2\/comments?post=44430"}],"version-history":[{"count":1,"href":"https:\/\/amanecerhuasteco.com\/portal\/wp-json\/wp\/v2\/posts\/44430\/revisions"}],"predecessor-version":[{"id":44432,"href":"https:\/\/amanecerhuasteco.com\/portal\/wp-json\/wp\/v2\/posts\/44430\/revisions\/44432"}],"wp:featuredmedia":[{"embeddable":true,"href":"https:\/\/amanecerhuasteco.com\/portal\/wp-json\/wp\/v2\/media\/44431"}],"wp:attachment":[{"href":"https:\/\/amanecerhuasteco.com\/portal\/wp-json\/wp\/v2\/media?parent=44430"}],"wp:term":[{"taxonomy":"category","embeddable":true,"href":"https:\/\/amanecerhuasteco.com\/portal\/wp-json\/wp\/v2\/categories?post=44430"},{"taxonomy":"post_tag","embeddable":true,"href":"https:\/\/amanecerhuasteco.com\/portal\/wp-json\/wp\/v2\/tags?post=44430"}],"curies":[{"name":"wp","href":"https:\/\/api.w.org\/{rel}","templated":true}]}}